{"id":226405,"date":"2021-12-22T21:45:30","date_gmt":"2021-12-22T20:45:30","guid":{"rendered":"https:\/\/zjarr.tv\/?p=226405"},"modified":"2021-12-22T21:45:30","modified_gmt":"2021-12-22T20:45:30","slug":"boci-cmonton-justifikimet-e-dyshes-rama-fuga-me-ujin-e-liste-pagesave-duan-te-shuajne-zjarrin-e-inceneratoreve","status":"publish","type":"post","link":"https:\/\/zjarr.tv\/sq\/boci-cmonton-justifikimet-e-dyshes-rama-fuga-me-ujin-e-liste-pagesave-duan-te-shuajne-zjarrin-e-inceneratoreve\/","title":{"rendered":"Bo\u00e7i \u00e7monton justifikimet e dyshes Rama-Fuga: Me ujin e list\u00eb-pagesave duan t\u00eb shuajn\u00eb zjarrin e incenerator\u00ebve"},"content":{"rendered":"<p>Deputeti i PD n\u00eb Elbasan Lu\u00e7iano Bo\u00e7i e ka rr\u00ebzuar t\u00ebr\u00eb propagand\u00ebn e Ram\u00ebs dhe Fug\u00ebs, rreth p\u00ebrfshirjes s\u00eb tyre n\u00eb megaskandalin e publikimit t\u00eb list\u00eb pagesave p\u00ebr mbi 367 mij\u00eb qytetar\u00ebve.<\/p>\n<p>N\u00eb postimin e tij n\u00eb Facebook, Bo\u00e7i ka treguar faktet, duke hedhur posht\u00eb pretendimet e Fug\u00ebs se \u2018lista nuk ka dal\u00eb nga ne sepse i mungon rubrika \u2018EMRI I PLOT\u00cb\u2019, e cila d\u00ebshmon se nuk ka dal\u00eb m\u00eb kot\u00eb.<\/p>\n<p>Postimi i plot\u00eb i Lu\u00e7iano Bo\u00e7it:<\/p>\n<p>Si tha Fuga, dmth RAMA?!<\/p>\n<p>Q\u00eb lista nuk ka dal\u00eb nga ne sepse i mungon rubrika EMRI I PLOT\u00cb.<\/p>\n<p>Por fakti flet ndryshe.<\/p>\n<p>Rubrika \u00ebsht\u00eb aty (rrethuar me jeshile).<\/p>\n<p>Kjo d\u00ebshmon q\u00eb ka dal\u00eb nga qeveria, nga Fuga e RAMA.<\/p>\n<p>Dhe nuk ka dal\u00eb kot!<\/p>\n<p>Me ujin e list\u00eb-pagesave, q\u00eb mbetet superskandal, duan t\u00eb shuajn\u00eb zjarrin e incenerator\u00ebve, megaskandalit q\u00eb arrin deri tek Rama.<\/p>\n","protected":false},"excerpt":{"rendered":"<p>Deputeti i PD n\u00eb Elbasan Lu\u00e7iano Bo\u00e7i e ka rr\u00ebzuar t\u00ebr\u00eb propagand\u00ebn e Ram\u00ebs dhe Fug\u00ebs, rreth p\u00ebrfshirjes s\u00eb tyre n\u00eb megaskandalin e publikimit t\u00eb list\u00eb pagesave p\u00ebr mbi 367 mij\u00eb qytetar\u00ebve. N\u00eb postimin e tij n\u00eb Facebook, Bo\u00e7i ka treguar faktet, duke hedhur posht\u00eb pretendimet e Fug\u00ebs se \u2018lista nuk ka dal\u00eb nga ne [&hellip;]<\/p>\n","protected":false},"author":2031,"featured_media":169579,"comment_status":"closed","ping_status":"closed","sticky":false,"template":"","format":"standard","meta":{"footnotes":""},"categories":[231],"tags":[],"class_list":{"0":"post-226405","1":"post","2":"type-post","3":"status-publish","4":"format-standard","5":"has-post-thumbnail","7":"category-lajme"},"_links":{"self":[{"href":"https:\/\/zjarr.tv\/sq\/wp-json\/wp\/v2\/posts\/226405","targetHints":{"allow":["GET"]}}],"collection":[{"href":"https:\/\/zjarr.tv\/sq\/wp-json\/wp\/v2\/posts"}],"about":[{"href":"https:\/\/zjarr.tv\/sq\/wp-json\/wp\/v2\/types\/post"}],"author":[{"embeddable":true,"href":"https:\/\/zjarr.tv\/sq\/wp-json\/wp\/v2\/users\/2031"}],"replies":[{"embeddable":true,"href":"https:\/\/zjarr.tv\/sq\/wp-json\/wp\/v2\/comments?post=226405"}],"version-history":[{"count":0,"href":"https:\/\/zjarr.tv\/sq\/wp-json\/wp\/v2\/posts\/226405\/revisions"}],"wp:featuredmedia":[{"embeddable":true,"href":"https:\/\/zjarr.tv\/sq\/wp-json\/wp\/v2\/media\/169579"}],"wp:attachment":[{"href":"https:\/\/zjarr.tv\/sq\/wp-json\/wp\/v2\/media?parent=226405"}],"wp:term":[{"taxonomy":"category","embeddable":true,"href":"https:\/\/zjarr.tv\/sq\/wp-json\/wp\/v2\/categories?post=226405"},{"taxonomy":"post_tag","embeddable":true,"href":"https:\/\/zjarr.tv\/sq\/wp-json\/wp\/v2\/tags?post=226405"}],"curies":[{"name":"wp","href":"https:\/\/api.w.org\/{rel}","templated":true}]}}