{"id":226409,"date":"2021-12-23T08:32:22","date_gmt":"2021-12-23T07:32:22","guid":{"rendered":"https:\/\/zjarr.tv\/?p=226409"},"modified":"2021-12-23T08:32:22","modified_gmt":"2021-12-23T07:32:22","slug":"e-bera-per-spital-kur-ishim-ne-bruksel-ish-shefja-e-delegacionit-te-kosoves-rrefen-takimin-me-vucic","status":"publish","type":"post","link":"https:\/\/zjarr.tv\/sq\/e-bera-per-spital-kur-ishim-ne-bruksel-ish-shefja-e-delegacionit-te-kosoves-rrefen-takimin-me-vucic\/","title":{"rendered":"\u201cE b\u00ebra p\u00ebr spital kur ishim n\u00eb Bruksel\u201d, ish shefja e delegacionit t\u00eb Kosov\u00ebs rr\u00ebfen takimin me Vu\u00e7i\u00e7"},"content":{"rendered":"<p>Ish-shefja e delegacionit t\u00eb Kosov\u00ebs n\u00eb bisedimet me Serbin\u00eb, Edita Tahiri ka treguar nj\u00eb rast t\u00eb takimit n\u00eb Bruksel, kur Aleksandar Vu\u00e7iq, si\u00e7 tha, ishte b\u00ebr\u00eb p\u00ebr spital.<\/p>\n<p>Thot\u00eb se n\u00eb at\u00eb takim ishin prezent\u00eb, Isa Mustafa, at\u00ebher\u00eb kryeminist\u00ebr, Hashim Tha\u00e7i z\u00ebdh\u00ebn\u00ebs i tij si dhe Vlora \u00c7itaku.<\/p>\n<p>\u201cVu\u00e7iqi filloi me fol me arroganc\u00eb. Thoshte: \u201cK\u00ebto l\u00ebshime q\u00eb un\u00eb po i b\u00ebj po i b\u00ebj me vet\u00ebdije sepse un\u00eb edhe mund t\u00eb mos i pranoj\u00eb\u201d\u201d, tregon Tahiri.<\/p>\n<p>\u201cDuke folur k\u00ebshtu me arroganc\u00eb, meqen\u00ebse as Mustafa dhe as Tha\u00e7i nuk reaguan, e para reagoi Vlora. I tha: \u201cShiko, ne m\u00eb s\u00eb pari s\u2019jemi shqiptar\u00eb t\u00eb Kosov\u00ebs, minoritet si\u00e7 po mendon ti. Ne jemi Kosova dhe jemi shumic\u00eb\u201d. Mua m\u00eb p\u00eblqeu\u201d, shtoi ajo.<\/p>\n<p>Mir\u00ebpo Vu\u00e7iqi tha: \u201cShikoni, un\u00eb di dhe mund t\u2019ua bi ushtrin\u00eb n\u00eb Kosov\u00eb\u201d. Un\u00eb iu ktheva e i thash: \u201cT\u00eb paska ra malli p\u00ebr NATO\u2019n\u201d, shpjegon Tahiri.<\/p>\n<p>\u201cPastaj \u00e7far\u00eb kishte ndodhur\u201d?<\/p>\n<p>\u201cKur un\u00eb i thash \u201cmalli t\u00eb paska ra p\u00ebr NATO\u2019n e bombardimet, ai k\u00ebrkoi prej Mogherinit pauz\u00eb. Ne shkuam dhe menduam p\u00ebr ndonj\u00eb kafe. Por s\u2019po vjen Vu\u00e7iqi, s\u2019po na th\u00ebrrasin. Pas nj\u00eb ore dola un\u00eb, i kisha b\u00ebr\u00eb miq k\u00ebta t\u00eb BE\u2019s\u00eb, shtat\u00eb vjet t\u00ebr\u00eb koh\u00ebn n\u00eb Bruksel. E thirra nj\u00ebrin prej tyre dhe e pyeta: \u201c\u00c7ka po ndodh, a po shkojm\u00eb n\u00eb drek\u00eb apo \u00e7ka?\u201d. M\u00eb tha: \u201cMos i trego askujt por Vu\u00e7iqi n\u00eb spital\u201d, i thash \u201cpse\u201d : \u201ci ka hyp tensioni\u201d, m\u00eb tha, shpjegoi Tahiri n\u00eb emisionin Pressing n\u00eb T7.<\/p>\n<p>\u201cVu\u00e7iq e paska problemin e tensionit, k\u00ebshtu q\u00eb p\u00ebrfundoi n\u00eb spital\u201d, theksoi Tahiri.<\/p>\n","protected":false},"excerpt":{"rendered":"<p>Ish-shefja e delegacionit t\u00eb Kosov\u00ebs n\u00eb bisedimet me Serbin\u00eb, Edita Tahiri ka treguar nj\u00eb rast t\u00eb takimit n\u00eb Bruksel, kur Aleksandar Vu\u00e7iq, si\u00e7 tha, ishte b\u00ebr\u00eb p\u00ebr spital. Thot\u00eb se n\u00eb at\u00eb takim ishin prezent\u00eb, Isa Mustafa, at\u00ebher\u00eb kryeminist\u00ebr, Hashim Tha\u00e7i z\u00ebdh\u00ebn\u00ebs i tij si dhe Vlora \u00c7itaku. \u201cVu\u00e7iqi filloi me fol me arroganc\u00eb. Thoshte: [&hellip;]<\/p>\n","protected":false},"author":2031,"featured_media":226410,"comment_status":"closed","ping_status":"closed","sticky":false,"template":"","format":"standard","meta":{"footnotes":""},"categories":[231],"tags":[],"class_list":{"0":"post-226409","1":"post","2":"type-post","3":"status-publish","4":"format-standard","5":"has-post-thumbnail","7":"category-lajme"},"_links":{"self":[{"href":"https:\/\/zjarr.tv\/sq\/wp-json\/wp\/v2\/posts\/226409","targetHints":{"allow":["GET"]}}],"collection":[{"href":"https:\/\/zjarr.tv\/sq\/wp-json\/wp\/v2\/posts"}],"about":[{"href":"https:\/\/zjarr.tv\/sq\/wp-json\/wp\/v2\/types\/post"}],"author":[{"embeddable":true,"href":"https:\/\/zjarr.tv\/sq\/wp-json\/wp\/v2\/users\/2031"}],"replies":[{"embeddable":true,"href":"https:\/\/zjarr.tv\/sq\/wp-json\/wp\/v2\/comments?post=226409"}],"version-history":[{"count":0,"href":"https:\/\/zjarr.tv\/sq\/wp-json\/wp\/v2\/posts\/226409\/revisions"}],"wp:featuredmedia":[{"embeddable":true,"href":"https:\/\/zjarr.tv\/sq\/wp-json\/wp\/v2\/media\/226410"}],"wp:attachment":[{"href":"https:\/\/zjarr.tv\/sq\/wp-json\/wp\/v2\/media?parent=226409"}],"wp:term":[{"taxonomy":"category","embeddable":true,"href":"https:\/\/zjarr.tv\/sq\/wp-json\/wp\/v2\/categories?post=226409"},{"taxonomy":"post_tag","embeddable":true,"href":"https:\/\/zjarr.tv\/sq\/wp-json\/wp\/v2\/tags?post=226409"}],"curies":[{"name":"wp","href":"https:\/\/api.w.org\/{rel}","templated":true}]}}