{"id":226427,"date":"2021-12-23T09:11:55","date_gmt":"2021-12-23T08:11:55","guid":{"rendered":"https:\/\/zjarr.tv\/?p=226427"},"modified":"2021-12-23T09:11:55","modified_gmt":"2021-12-23T08:11:55","slug":"ben-blushi-reagon-per-super-rrogen-e-deklaruar-e-kam-24-here-me-te-vogel-nxjerrja-e-te-dhenave-te-kete-nje-pergjegjes","status":"publish","type":"post","link":"https:\/\/zjarr.tv\/sq\/ben-blushi-reagon-per-super-rrogen-e-deklaruar-e-kam-24-here-me-te-vogel-nxjerrja-e-te-dhenave-te-kete-nje-pergjegjes\/","title":{"rendered":"Ben Blushi reagon p\u00ebr super-rrog\u00ebn e deklaruar: E kam 24 her\u00eb m\u00eb t\u00eb vog\u00ebl, nxjerrja e te dh\u00ebnave t\u00eb ket\u00eb nj\u00eb p\u00ebrgjegj\u00ebs"},"content":{"rendered":"<p>Ben Blushi rezulton t\u00eb jet\u00eb gazetari m\u00eb i paguar n\u00eb Shqip\u00ebri, sipas databaz\u00ebs s\u00eb t\u00eb dh\u00ebnave q\u00eb ka rrjedhur prej disa or\u00ebsh n\u00eb publik. Ai ka nj\u00eb pag\u00eb bruto prej 24,7 milion\u00eb lek\u00eb t\u00eb reja n\u00eb muaj, referuar gjithmon\u00eb t\u00eb dh\u00ebnave t\u00eb publikuara.<\/p>\n<p>Askush nuk \u00ebsht\u00eb ndaluar deri tani p\u00ebr k\u00ebt\u00eb rrjedhje t\u00eb dh\u00ebnash, si dhe t\u00eb sqaroj\u00eb n\u00ebse ajo \u00ebsht\u00eb e v\u00ebrtet\u00eb apo e manipuluar q\u00ebllimisht. Gazetari dhe ish-drejtori i Top Channel ka reaguar vet\u00eb p\u00ebr k\u00ebt\u00eb lajm, duke mohuar t\u00eb ket\u00eb rrog\u00ebn q\u00eb tregohet n\u00eb databaz\u00eb.<\/p>\n<p>\u201cNga publikimet e paautorizuara te disa portaleve sot kam mesuar se kam nje rroge qe nuk e kam. Ne respekt te bashkepuntoreve te mi, ne kompanine ku kam punuar deri perpara tre javesh, dua te them se, rroga ime eshte 24 here me e vogel se ajo qe pretendohet se eshte.<\/p>\n<p>Duke e ditur se kurioziteti njerezor, nuk e ndal dot vuajerizmin te kthehet ne sport ekstrem, shpresoj qe te pakten nje here, ekspozimi i padenje dhe ne rastin tim edhe i pavertete, i te dhenave personale te kete nje pergjegjes\u201d, ka shkruar Ben Blushi.<\/p>\n","protected":false},"excerpt":{"rendered":"<p>Ben Blushi rezulton t\u00eb jet\u00eb gazetari m\u00eb i paguar n\u00eb Shqip\u00ebri, sipas databaz\u00ebs s\u00eb t\u00eb dh\u00ebnave q\u00eb ka rrjedhur prej disa or\u00ebsh n\u00eb publik. Ai ka nj\u00eb pag\u00eb bruto prej 24,7 milion\u00eb lek\u00eb t\u00eb reja n\u00eb muaj, referuar gjithmon\u00eb t\u00eb dh\u00ebnave t\u00eb publikuara. Askush nuk \u00ebsht\u00eb ndaluar deri tani p\u00ebr k\u00ebt\u00eb rrjedhje t\u00eb dh\u00ebnash, si [&hellip;]<\/p>\n","protected":false},"author":2031,"featured_media":226428,"comment_status":"closed","ping_status":"closed","sticky":false,"template":"","format":"standard","meta":{"footnotes":""},"categories":[231],"tags":[],"class_list":{"0":"post-226427","1":"post","2":"type-post","3":"status-publish","4":"format-standard","5":"has-post-thumbnail","7":"category-lajme"},"_links":{"self":[{"href":"https:\/\/zjarr.tv\/sq\/wp-json\/wp\/v2\/posts\/226427","targetHints":{"allow":["GET"]}}],"collection":[{"href":"https:\/\/zjarr.tv\/sq\/wp-json\/wp\/v2\/posts"}],"about":[{"href":"https:\/\/zjarr.tv\/sq\/wp-json\/wp\/v2\/types\/post"}],"author":[{"embeddable":true,"href":"https:\/\/zjarr.tv\/sq\/wp-json\/wp\/v2\/users\/2031"}],"replies":[{"embeddable":true,"href":"https:\/\/zjarr.tv\/sq\/wp-json\/wp\/v2\/comments?post=226427"}],"version-history":[{"count":0,"href":"https:\/\/zjarr.tv\/sq\/wp-json\/wp\/v2\/posts\/226427\/revisions"}],"wp:featuredmedia":[{"embeddable":true,"href":"https:\/\/zjarr.tv\/sq\/wp-json\/wp\/v2\/media\/226428"}],"wp:attachment":[{"href":"https:\/\/zjarr.tv\/sq\/wp-json\/wp\/v2\/media?parent=226427"}],"wp:term":[{"taxonomy":"category","embeddable":true,"href":"https:\/\/zjarr.tv\/sq\/wp-json\/wp\/v2\/categories?post=226427"},{"taxonomy":"post_tag","embeddable":true,"href":"https:\/\/zjarr.tv\/sq\/wp-json\/wp\/v2\/tags?post=226427"}],"curies":[{"name":"wp","href":"https:\/\/api.w.org\/{rel}","templated":true}]}}