{"id":226455,"date":"2021-12-23T12:06:01","date_gmt":"2021-12-23T11:06:01","guid":{"rendered":"https:\/\/zjarr.tv\/?p=226455"},"modified":"2021-12-23T12:06:01","modified_gmt":"2021-12-23T11:06:01","slug":"djegia-e-flamurit-serb-vokshi-arrestimi-i-paligjshem-rama-me-keto-veprime-anti-shqiptare-ta-dije-se-protestat-do-vijojne","status":"publish","type":"post","link":"https:\/\/zjarr.tv\/sq\/djegia-e-flamurit-serb-vokshi-arrestimi-i-paligjshem-rama-me-keto-veprime-anti-shqiptare-ta-dije-se-protestat-do-vijojne\/","title":{"rendered":"Djegia e flamurit serb\/ Vokshi: Arrestimi i paligjsh\u00ebm, Rama me k\u00ebto veprime anti-shqiptare ta dij\u00eb se protestat do vijojn\u00eb"},"content":{"rendered":"<p>Deputetja e PD-s\u00eb n\u00eb nj\u00eb deklarat\u00eb p\u00ebr mediat pas vendimit t\u00eb gjykat\u00ebs p\u00ebr 2 t\u00eb arrestuarit e protest\u00ebs tha se nuk u gjet asnj\u00eb prov\u00eb p\u00ebr ta, duke paralajm\u00ebruar Ram\u00ebn se p\u00ebr veprimet e tij anti-shqiptare protestat do t\u00eb vijojn\u00eb. Vokshi u pyet dhe p\u00ebr dor\u00ebheqjen nga c\u00ebshtja e statutit t\u00eb gjykat\u00ebsit Agron Zhukri, ku deklaroi se askush nuk e cenon vendimin e sovranit, referuar ish-kryeministrit Berisha.<\/p>\n<p>Kujtojm\u00eb se Zhukri ka hequr dor\u00eb p\u00ebr shqyrtimin e \u00e7\u00ebshtjes s\u00eb ndryshimeve t\u00eb b\u00ebra n\u00eb statutin e Partis\u00eb Demokratike n\u00eb Kuvendin e 11 dhjetorit, pasi sipas tij kishte konflikt interesi. Por pavar\u00ebsisht dor\u00ebheqjes s\u00eb tij, kjo gj\u00eb nuk \u00ebsht\u00eb pranuar nga Gjykata e Tiran\u00ebs, duke ia kaluar s\u00ebrish \u00e7\u00ebshtjen me detyrim dhe procedurat e shqyrtimit gjyq\u00ebsor gjyqtarit n\u00eb fjal\u00eb.<\/p>\n<p><strong>Voksh<\/strong>i:\u00a0<em>Nuk vun\u00eb n\u00eb dispozicion prova p\u00ebr faj\u00ebsin\u00eb e dy t\u00eb arrestuarve, ajo q\u00eb ka ndodhur \u00ebsht\u00eb e qart\u00eb, qytetar\u00ebt q\u00eb mor\u00ebn pjes\u00eb n\u00eb protest\u00ebn e organizuar nga Partia e bene me te drejte ate gjest.<\/em><\/p>\n<p><em>N\u00eb nj\u00eb koh\u00eb kur Gjykata e Apelit t\u00eb Serbis\u00eb nuk i ka quajtur vepra penale gjestet apo ofendimet ndaj shqiptar\u00ebve , Duam ti b\u00ebjm\u00eb me dije Edi Ram\u00ebs dhe kujtdo q\u00eb b\u00ebn veprime anti-shqiptare q\u00eb protestat do t\u00eb vijojn\u00eb. Arrestimi \u00ebsht\u00eb i paligjsh\u00ebm dhe inkurajojm\u00eb organin e drejt\u00ebsis\u00eb q\u00eb hetimi t\u00eb b\u00ebhet n\u00eb m\u00ebnyr\u00eb objective dhe t\u00eb mos marr\u00eb porosi nga Rama.<\/em><\/p>\n<p><strong><em>Gazetari<\/em><\/strong><em>: \u00c7far\u00eb mendoni p\u00ebr dor\u00ebheqjen nga shqyrtimi i \u00e7\u00ebshtjes p\u00ebr ndryshimet n\u00eb statut t\u00eb gjyqtarit Zhukri?<\/em><\/p>\n<p><strong><em>Vokshi<\/em><\/strong><em>: Askush dhe asgj\u00eb nuk mund t\u00eb cenoj\u00eb vendimin e sovranit. Basha \u00ebsht\u00eb thjesht\u00eb nj\u00eb deputet, \u00ebsht\u00eb shkarkuar nga demokrat\u00ebt q\u00eb kan\u00eb votuar n\u00eb m\u00ebnyr\u00eb t\u00eb qet\u00eb dhe t\u00eb drejt\u00eb. Komisioni po b\u00ebn mbledhje t\u00eb p\u00ebrditshme dhe do ju b\u00ebjm\u00eb me dije p\u00ebr protestat . <\/em>(faxweb.al)<\/p>\n","protected":false},"excerpt":{"rendered":"<p>Deputetja e PD-s\u00eb n\u00eb nj\u00eb deklarat\u00eb p\u00ebr mediat pas vendimit t\u00eb gjykat\u00ebs p\u00ebr 2 t\u00eb arrestuarit e protest\u00ebs tha se nuk u gjet asnj\u00eb prov\u00eb p\u00ebr ta, duke paralajm\u00ebruar Ram\u00ebn se p\u00ebr veprimet e tij anti-shqiptare protestat do t\u00eb vijojn\u00eb. Vokshi u pyet dhe p\u00ebr dor\u00ebheqjen nga c\u00ebshtja e statutit t\u00eb gjykat\u00ebsit Agron Zhukri, ku [&hellip;]<\/p>\n","protected":false},"author":2020,"featured_media":226458,"comment_status":"closed","ping_status":"closed","sticky":false,"template":"","format":"standard","meta":{"footnotes":""},"categories":[241,5380,231],"tags":[],"class_list":{"0":"post-226455","1":"post","2":"type-post","3":"status-publish","4":"format-standard","5":"has-post-thumbnail","7":"category-aktualitet","8":"category-kryesore","9":"category-lajme"},"_links":{"self":[{"href":"https:\/\/zjarr.tv\/sq\/wp-json\/wp\/v2\/posts\/226455","targetHints":{"allow":["GET"]}}],"collection":[{"href":"https:\/\/zjarr.tv\/sq\/wp-json\/wp\/v2\/posts"}],"about":[{"href":"https:\/\/zjarr.tv\/sq\/wp-json\/wp\/v2\/types\/post"}],"author":[{"embeddable":true,"href":"https:\/\/zjarr.tv\/sq\/wp-json\/wp\/v2\/users\/2020"}],"replies":[{"embeddable":true,"href":"https:\/\/zjarr.tv\/sq\/wp-json\/wp\/v2\/comments?post=226455"}],"version-history":[{"count":0,"href":"https:\/\/zjarr.tv\/sq\/wp-json\/wp\/v2\/posts\/226455\/revisions"}],"wp:featuredmedia":[{"embeddable":true,"href":"https:\/\/zjarr.tv\/sq\/wp-json\/wp\/v2\/media\/226458"}],"wp:attachment":[{"href":"https:\/\/zjarr.tv\/sq\/wp-json\/wp\/v2\/media?parent=226455"}],"wp:term":[{"taxonomy":"category","embeddable":true,"href":"https:\/\/zjarr.tv\/sq\/wp-json\/wp\/v2\/categories?post=226455"},{"taxonomy":"post_tag","embeddable":true,"href":"https:\/\/zjarr.tv\/sq\/wp-json\/wp\/v2\/tags?post=226455"}],"curies":[{"name":"wp","href":"https:\/\/api.w.org\/{rel}","templated":true}]}}