{"id":226660,"date":"2021-12-23T18:58:46","date_gmt":"2021-12-23T17:58:46","guid":{"rendered":"https:\/\/zjarr.tv\/?p=226660"},"modified":"2021-12-23T18:58:46","modified_gmt":"2021-12-23T17:58:46","slug":"lista-e-pagave-te-muajit-prill-21-manjani-eshte-e-njejta-dore-e-patronazhisteve-nuk-e-di-cmendon-zonja-yuri-ste","status":"publish","type":"post","link":"https:\/\/zjarr.tv\/sq\/lista-e-pagave-te-muajit-prill-21-manjani-eshte-e-njejta-dore-e-patronazhisteve-nuk-e-di-cmendon-zonja-yuri-ste\/","title":{"rendered":"Lista e pagave t\u00eb muajit prill \u201821\/ Manjani: Esht\u00eb e NJ\u00cbJTA DOR\u00cb e patronazhist\u00ebve.. nuk e di \u00e7mendon zonja Yuri-ste\u2026"},"content":{"rendered":"<p>Avokati Ylli Manjani ka reaguar pas publikimit t\u00eb list\u00ebs s\u00eb prillit 2021 t\u00eb rrogave t\u00eb shqiptar\u00ebve. \u201cQart\u00ebsisht, duksh\u00ebm fare, shihet se \u00ebsht\u00eb e nj\u00ebjta dor\u00eb q\u00eb b\u00ebri patronazhist\u00ebt. Jan\u00eb t\u00eb nj\u00ebjtat t\u00eb dh\u00ebna plus paga e deklaruar\u201d, shprehet Manjani.<\/p>\n<p>Nga Ylli Manjani<\/p>\n<p>Aaaaa, po kjo lista e pagave t\u00eb muajit prill \u201821 spjegon t\u00eb gjith\u00eb situat\u00ebn. Qart\u00ebsisht, duksh\u00ebm fare, shihet se \u00ebsht\u00eb e nj\u00ebjta dor\u00eb q\u00eb b\u00ebri patronazhist\u00ebt. Jan\u00eb t\u00eb nj\u00ebjtat t\u00eb dh\u00ebna plus paga e deklaruar.<\/p>\n<p>Tashm\u00eb nuk \u00e7uditem q\u00eb ka edhe database t\u00eb tjera q\u00eb lidhen me gjobat, kredit\u00eb, barr\u00ebt siguruese e ndoshta edhe kadastra. Por k\u00ebto t\u00eb dh\u00ebna i kan\u00eb mbajtur patronazhist\u00ebt p\u00ebr t\u00eb shantazhuar, bler\u00eb ose demotivuar votuesit. Ja ku doli koka e muhabetit! Dhe sigurisht q\u00eb p\u00ebr k\u00ebto gj\u00ebra akuzohet opozita\u2026 hahahahahahahahaha.<\/p>\n<p>Ku ma gjen t\u00eb ishte opozita kaq e organizuar\u2026 Duksh\u00ebm sherret e brendshme n\u00eb PS q\u00eb cuan n\u00eb denoncimin e list\u00ebs s\u00eb patronazhist\u00ebve, por b\u00ebjn\u00eb \u201ctransparenc\u00ebn\u201d e plot\u00eb t\u00eb k\u00ebsaj skeme. Esht\u00eb e NJ\u00cbJTA DOR\u00cb! \u00cbsht\u00eb projekt i past\u00ebr politik me q\u00ebllim intimidimin politik dhe elektoral t\u00eb shqiptar\u00ebve! Faktet flasin qart\u00eb!<\/p>\n<p>V\u00ebshtir\u00eb t\u00eb gjendet e v\u00ebrteta tashm\u00eb, sepse vjedhja e t\u00eb dh\u00ebnave ka koh\u00eb q\u00eb ka ndodhur. Por p\u00ebrgjegj\u00ebsit q\u00eb kan\u00eb p\u00ebr detyr\u00eb t\u00eb ruajn\u00eb k\u00ebto t\u00eb dh\u00ebna, duhet t\u00eb jen\u00eb pas hekurave! T\u00eb pakt\u00ebn t\u00eb mos vidhen t\u00eb dh\u00ebnat e p\u00ebrdit\u00ebsuara\u2026<\/p>\n<p>***<\/p>\n<p>Nuk e di \u00e7mendon zonja Yuri-ste!!<\/p>\n","protected":false},"excerpt":{"rendered":"<p>Avokati Ylli Manjani ka reaguar pas publikimit t\u00eb list\u00ebs s\u00eb prillit 2021 t\u00eb rrogave t\u00eb shqiptar\u00ebve. \u201cQart\u00ebsisht, duksh\u00ebm fare, shihet se \u00ebsht\u00eb e nj\u00ebjta dor\u00eb q\u00eb b\u00ebri patronazhist\u00ebt. Jan\u00eb t\u00eb nj\u00ebjtat t\u00eb dh\u00ebna plus paga e deklaruar\u201d, shprehet Manjani. Nga Ylli Manjani Aaaaa, po kjo lista e pagave t\u00eb muajit prill \u201821 spjegon t\u00eb gjith\u00eb [&hellip;]<\/p>\n","protected":false},"author":2030,"featured_media":226661,"comment_status":"closed","ping_status":"closed","sticky":false,"template":"","format":"standard","meta":{"footnotes":""},"categories":[241,3366,5380,1454],"tags":[],"class_list":{"0":"post-226660","1":"post","2":"type-post","3":"status-publish","4":"format-standard","5":"has-post-thumbnail","7":"category-aktualitet","8":"category-koment","9":"category-kryesore","10":"category-politike"},"_links":{"self":[{"href":"https:\/\/zjarr.tv\/sq\/wp-json\/wp\/v2\/posts\/226660","targetHints":{"allow":["GET"]}}],"collection":[{"href":"https:\/\/zjarr.tv\/sq\/wp-json\/wp\/v2\/posts"}],"about":[{"href":"https:\/\/zjarr.tv\/sq\/wp-json\/wp\/v2\/types\/post"}],"author":[{"embeddable":true,"href":"https:\/\/zjarr.tv\/sq\/wp-json\/wp\/v2\/users\/2030"}],"replies":[{"embeddable":true,"href":"https:\/\/zjarr.tv\/sq\/wp-json\/wp\/v2\/comments?post=226660"}],"version-history":[{"count":0,"href":"https:\/\/zjarr.tv\/sq\/wp-json\/wp\/v2\/posts\/226660\/revisions"}],"wp:featuredmedia":[{"embeddable":true,"href":"https:\/\/zjarr.tv\/sq\/wp-json\/wp\/v2\/media\/226661"}],"wp:attachment":[{"href":"https:\/\/zjarr.tv\/sq\/wp-json\/wp\/v2\/media?parent=226660"}],"wp:term":[{"taxonomy":"category","embeddable":true,"href":"https:\/\/zjarr.tv\/sq\/wp-json\/wp\/v2\/categories?post=226660"},{"taxonomy":"post_tag","embeddable":true,"href":"https:\/\/zjarr.tv\/sq\/wp-json\/wp\/v2\/tags?post=226660"}],"curies":[{"name":"wp","href":"https:\/\/api.w.org\/{rel}","templated":true}]}}