{"id":226790,"date":"2021-12-24T11:54:54","date_gmt":"2021-12-24T10:54:54","guid":{"rendered":"https:\/\/zjarr.tv\/?p=226790"},"modified":"2021-12-24T11:54:54","modified_gmt":"2021-12-24T10:54:54","slug":"nga-gramoz-ruci-te-rudina-hajdari-zbulohet-kush-eshte-me-i-paguari-ne-kuvendin-e-shqiperise","status":"publish","type":"post","link":"https:\/\/zjarr.tv\/sq\/nga-gramoz-ruci-te-rudina-hajdari-zbulohet-kush-eshte-me-i-paguari-ne-kuvendin-e-shqiperise\/","title":{"rendered":"Nga Gramoz Ru\u00e7i te Rudina Hajdari, zbulohet kush \u00ebsht\u00eb m\u00eb i paguari n\u00eb Kuvendin e Shqip\u00ebris\u00eb"},"content":{"rendered":"<p>Nj\u00eb dit\u00eb pas daljes s\u00eb listave me emrat e 694.473 tatim-paguesve, ku p\u00ebrve\u00e7 pagave t\u00eb tyre, kartave t\u00eb ID-s\u00eb, dit\u00ebn e sotme ka rrjedhur nj\u00eb tjet\u00ebr list\u00eb, e muajit prill, ku ve\u00e7 t\u00eb dh\u00ebnave t\u00eb tjera, identifikohen edhe numrat e celularit.<\/p>\n<p>Edhe kjo list\u00eb po qarkullon me shpejt\u00ebsi p\u00ebrmes rrjeteve t\u00eb ndryshme sociale. Sakaq, n\u00eb mesin e emrave gjenden edhe emrat e deputet\u00ebve t\u00eb Kuvendit t\u00eb Shqip\u00ebris\u00eb, si dhe t\u00eb k\u00ebshilltar\u00ebve. List\u00ebn me pag\u00ebn m\u00eb t\u00eb lart\u00eb n\u00eb Kuvendin e Shqip\u00ebris\u00eb, e kryeson kryetari i Kuvendit, me pag\u00ebn 228,730.00 lek\u00eb, q\u00eb n\u00eb k\u00ebt\u00eb periudh\u00eb ka qen\u00eb n\u00eb k\u00ebt\u00eb detyr\u00eb Gramoz Ru\u00e7i. I dyti n\u00eb radh\u00eb vjen K\u00ebshilltar i Kryetarit t\u00eb Kuvendit, me pag\u00eb 192,900.00 lek\u00eb.<\/p>\n<p>Me r\u00ebnd zbrit\u00ebs, pason deputetja Vasilika Hysi, me pag\u00eb 187,610.00 lek\u00eb, duke u ndjekur me po t\u00eb nj\u00ebjt\u00ebn pag\u00eb nga deputeti Myslim Murrizi. Taulant Balla figuron me pag\u00eb 180,286.00 lek\u00eb, nd\u00ebrsa m\u00eb pas vjen nj\u00eb tjet\u00ebr punonj\u00ebs, Drejtor Drejtorie n\u00eb administrat\u00ebn shtet\u00ebrore, me pag\u00eb 174,400.00 lek\u00eb. Mimi Kodheli figuron me pag\u00eb 164,609.00 lek\u00eb, nd\u00ebrsa me po t\u00eb nj\u00ebjt\u00ebn pag\u00eb figuron edhe Rudina Hajdari.<\/p>\n","protected":false},"excerpt":{"rendered":"<p>Nj\u00eb dit\u00eb pas daljes s\u00eb listave me emrat e 694.473 tatim-paguesve, ku p\u00ebrve\u00e7 pagave t\u00eb tyre, kartave t\u00eb ID-s\u00eb, dit\u00ebn e sotme ka rrjedhur nj\u00eb tjet\u00ebr list\u00eb, e muajit prill, ku ve\u00e7 t\u00eb dh\u00ebnave t\u00eb tjera, identifikohen edhe numrat e celularit. Edhe kjo list\u00eb po qarkullon me shpejt\u00ebsi p\u00ebrmes rrjeteve t\u00eb ndryshme sociale. Sakaq, n\u00eb [&hellip;]<\/p>\n","protected":false},"author":2030,"featured_media":226791,"comment_status":"closed","ping_status":"closed","sticky":false,"template":"","format":"standard","meta":{"footnotes":""},"categories":[241,5380,231,1454],"tags":[],"class_list":{"0":"post-226790","1":"post","2":"type-post","3":"status-publish","4":"format-standard","5":"has-post-thumbnail","7":"category-aktualitet","8":"category-kryesore","9":"category-lajme","10":"category-politike"},"_links":{"self":[{"href":"https:\/\/zjarr.tv\/sq\/wp-json\/wp\/v2\/posts\/226790","targetHints":{"allow":["GET"]}}],"collection":[{"href":"https:\/\/zjarr.tv\/sq\/wp-json\/wp\/v2\/posts"}],"about":[{"href":"https:\/\/zjarr.tv\/sq\/wp-json\/wp\/v2\/types\/post"}],"author":[{"embeddable":true,"href":"https:\/\/zjarr.tv\/sq\/wp-json\/wp\/v2\/users\/2030"}],"replies":[{"embeddable":true,"href":"https:\/\/zjarr.tv\/sq\/wp-json\/wp\/v2\/comments?post=226790"}],"version-history":[{"count":0,"href":"https:\/\/zjarr.tv\/sq\/wp-json\/wp\/v2\/posts\/226790\/revisions"}],"wp:featuredmedia":[{"embeddable":true,"href":"https:\/\/zjarr.tv\/sq\/wp-json\/wp\/v2\/media\/226791"}],"wp:attachment":[{"href":"https:\/\/zjarr.tv\/sq\/wp-json\/wp\/v2\/media?parent=226790"}],"wp:term":[{"taxonomy":"category","embeddable":true,"href":"https:\/\/zjarr.tv\/sq\/wp-json\/wp\/v2\/categories?post=226790"},{"taxonomy":"post_tag","embeddable":true,"href":"https:\/\/zjarr.tv\/sq\/wp-json\/wp\/v2\/tags?post=226790"}],"curies":[{"name":"wp","href":"https:\/\/api.w.org\/{rel}","templated":true}]}}