{"id":228288,"date":"2022-01-01T21:55:35","date_gmt":"2022-01-01T20:55:35","guid":{"rendered":"https:\/\/zjarr.tv\/?p=228288"},"modified":"2022-01-01T21:55:35","modified_gmt":"2022-01-01T20:55:35","slug":"mesazhi-i-erdogan-per-vitin-2022-vendet-e-zhvilluara-nuk-jane-aq-te-forta-sa-duken-njerezimi-po-vuan","status":"publish","type":"post","link":"https:\/\/zjarr.tv\/sq\/mesazhi-i-erdogan-per-vitin-2022-vendet-e-zhvilluara-nuk-jane-aq-te-forta-sa-duken-njerezimi-po-vuan\/","title":{"rendered":"Mesazhi i Erdogan p\u00ebr vitin 2022: Vendet e zhvilluara nuk jan\u00eb aq t\u00eb forta sa duken, njer\u00ebzimi po vuan!"},"content":{"rendered":"<p>N\u00eb mesazhin e Vitit t\u00eb Ri, presidenti turk Recep Tayip Erdogan ka deklaruar se fuqit\u00eb globale nuk arrit\u00ebn t\u00eb adresojn\u00eb boll\u00ebkun e sfidave me t\u00eb cilat u p\u00ebrball bota n\u00eb 2021, si: pandemia, kriza klimatike, migrimi i parregullt dhe konfliketet rajonale.<\/p>\n<p>\u201c\u00cbsht\u00eb nj\u00eb fakt i pamohuesh\u00ebm q\u00eb vendet e zhvilluara nuk jan\u00eb aq t\u00eb forta sa duken dhe nuk mund t\u00eb udh\u00ebheqin bot\u00ebn n\u00ebp\u00ebr k\u00ebto kriza\u201d, ka th\u00ebn\u00eb Erdogan.<\/p>\n<p>N\u00eb fjal\u00ebn e tij ai theksoi se Turqia punoi shum\u00eb p\u00ebr t\u00eb kap\u00ebrcyer probleme e sfida t\u00eb ndryshme gjat\u00eb vitit 2021. Sipas tij sh\u00ebndet\u00ebsia gjat\u00eb pandemis\u00eb ishte nj\u00eb shembull i shk\u00eblqyer i sukseseve t\u00eb vendit t\u00eb tij s\u00eb bashku me p\u00ebrpjekjet p\u00ebr mir\u00ebq\u00ebnien sociale, si dhe hapat p\u00ebr t\u00eb rritur sigurin\u00eb e stabilitetin politik.<\/p>\n","protected":false},"excerpt":{"rendered":"<p>N\u00eb mesazhin e Vitit t\u00eb Ri, presidenti turk Recep Tayip Erdogan ka deklaruar se fuqit\u00eb globale nuk arrit\u00ebn t\u00eb adresojn\u00eb boll\u00ebkun e sfidave me t\u00eb cilat u p\u00ebrball bota n\u00eb 2021, si: pandemia, kriza klimatike, migrimi i parregullt dhe konfliketet rajonale. \u201c\u00cbsht\u00eb nj\u00eb fakt i pamohuesh\u00ebm q\u00eb vendet e zhvilluara nuk jan\u00eb aq t\u00eb forta [&hellip;]<\/p>\n","protected":false},"author":2031,"featured_media":228289,"comment_status":"closed","ping_status":"closed","sticky":false,"template":"","format":"standard","meta":{"footnotes":""},"categories":[231],"tags":[],"class_list":{"0":"post-228288","1":"post","2":"type-post","3":"status-publish","4":"format-standard","5":"has-post-thumbnail","7":"category-lajme"},"_links":{"self":[{"href":"https:\/\/zjarr.tv\/sq\/wp-json\/wp\/v2\/posts\/228288","targetHints":{"allow":["GET"]}}],"collection":[{"href":"https:\/\/zjarr.tv\/sq\/wp-json\/wp\/v2\/posts"}],"about":[{"href":"https:\/\/zjarr.tv\/sq\/wp-json\/wp\/v2\/types\/post"}],"author":[{"embeddable":true,"href":"https:\/\/zjarr.tv\/sq\/wp-json\/wp\/v2\/users\/2031"}],"replies":[{"embeddable":true,"href":"https:\/\/zjarr.tv\/sq\/wp-json\/wp\/v2\/comments?post=228288"}],"version-history":[{"count":0,"href":"https:\/\/zjarr.tv\/sq\/wp-json\/wp\/v2\/posts\/228288\/revisions"}],"wp:featuredmedia":[{"embeddable":true,"href":"https:\/\/zjarr.tv\/sq\/wp-json\/wp\/v2\/media\/228289"}],"wp:attachment":[{"href":"https:\/\/zjarr.tv\/sq\/wp-json\/wp\/v2\/media?parent=228288"}],"wp:term":[{"taxonomy":"category","embeddable":true,"href":"https:\/\/zjarr.tv\/sq\/wp-json\/wp\/v2\/categories?post=228288"},{"taxonomy":"post_tag","embeddable":true,"href":"https:\/\/zjarr.tv\/sq\/wp-json\/wp\/v2\/tags?post=228288"}],"curies":[{"name":"wp","href":"https:\/\/api.w.org\/{rel}","templated":true}]}}