{"id":228301,"date":"2022-01-02T11:27:31","date_gmt":"2022-01-02T10:27:31","guid":{"rendered":"https:\/\/zjarr.tv\/?p=228301"},"modified":"2022-01-02T11:27:31","modified_gmt":"2022-01-02T10:27:31","slug":"ndahet-nga-jeta-ish-presidenti-i-parmalat-dhe-i-klubit-te-parmes","status":"publish","type":"post","link":"https:\/\/zjarr.tv\/sq\/ndahet-nga-jeta-ish-presidenti-i-parmalat-dhe-i-klubit-te-parmes\/","title":{"rendered":"Ndahet nga jeta, ish-presidenti i Parmalat dhe i klubit t\u00eb Parm\u00ebs"},"content":{"rendered":"<p>Ndahet nga jeta n\u00eb mosh\u00ebn 83 vje\u00e7are nj\u00eb nga biznesmen\u00ebt kontravers\u00eb italian\u00eb, Calisto Tanzi. <\/p>\n<p>Sip\u00ebrmarr\u00ebsi ka qen\u00eb p\u00ebr shum\u00eb vite fytyra Parmalat dhe p\u00ebr disa vite edhe president i klubit t\u00eb Parm\u00ebs, duke fituar edhe trofe evropian. <\/p>\n<p>Por karriera e tij e suksesshme p\u00ebrfundoi me r\u00ebnien n\u00eb vitin 2003, kur u zbulua skandali Parmalat. \u00a0 <\/p>\n<p>Tanzi ishte protagonist i ngjarjeve q\u00eb \u00e7uan n\u00eb rr\u00ebzimin financiar t\u00eb grupit n\u00eb vitin 2003. P\u00ebr k\u00ebt\u00eb ai u d\u00ebnua me 17 vjet e 5 muaj (d\u00ebnime t\u00eb tjera erdh\u00ebn p\u00ebr fusha t\u00eb lidhura, si p\u00ebrplasja e ParmaTour). <\/p>\n<p>P\u00ebr nj\u00eb koh\u00eb t\u00eb gjat\u00eb Tanzi ishte i mbyllur n\u00eb sht\u00ebpin\u00eb e tij, nj\u00eb vil\u00eb (n\u00eb pron\u00ebsi t\u00eb gruas s\u00eb tij) n\u00eb periferi t\u00eb Parm\u00ebs. <\/p>\n<p>Tanzi ishte gjithashtu pronar i Parma Calcio, e cila gjat\u00eb menaxhimit t\u00eb saj fitoi Kup\u00ebn e Fituesve t\u00eb Kupave n\u00eb 1993<\/p>\n","protected":false},"excerpt":{"rendered":"<p>Ndahet nga jeta n\u00eb mosh\u00ebn 83 vje\u00e7are nj\u00eb nga biznesmen\u00ebt kontravers\u00eb italian\u00eb, Calisto Tanzi. Sip\u00ebrmarr\u00ebsi ka qen\u00eb p\u00ebr shum\u00eb vite fytyra Parmalat dhe p\u00ebr disa vite edhe president i klubit t\u00eb Parm\u00ebs, duke fituar edhe trofe evropian. Por karriera e tij e suksesshme p\u00ebrfundoi me r\u00ebnien n\u00eb vitin 2003, kur u zbulua skandali Parmalat. \u00a0 [&hellip;]<\/p>\n","protected":false},"author":2031,"featured_media":228302,"comment_status":"closed","ping_status":"closed","sticky":false,"template":"","format":"standard","meta":{"footnotes":""},"categories":[191,231,192],"tags":[],"class_list":{"0":"post-228301","1":"post","2":"type-post","3":"status-publish","4":"format-standard","5":"has-post-thumbnail","7":"category-bota","8":"category-lajme","9":"category-sport"},"_links":{"self":[{"href":"https:\/\/zjarr.tv\/sq\/wp-json\/wp\/v2\/posts\/228301","targetHints":{"allow":["GET"]}}],"collection":[{"href":"https:\/\/zjarr.tv\/sq\/wp-json\/wp\/v2\/posts"}],"about":[{"href":"https:\/\/zjarr.tv\/sq\/wp-json\/wp\/v2\/types\/post"}],"author":[{"embeddable":true,"href":"https:\/\/zjarr.tv\/sq\/wp-json\/wp\/v2\/users\/2031"}],"replies":[{"embeddable":true,"href":"https:\/\/zjarr.tv\/sq\/wp-json\/wp\/v2\/comments?post=228301"}],"version-history":[{"count":0,"href":"https:\/\/zjarr.tv\/sq\/wp-json\/wp\/v2\/posts\/228301\/revisions"}],"wp:featuredmedia":[{"embeddable":true,"href":"https:\/\/zjarr.tv\/sq\/wp-json\/wp\/v2\/media\/228302"}],"wp:attachment":[{"href":"https:\/\/zjarr.tv\/sq\/wp-json\/wp\/v2\/media?parent=228301"}],"wp:term":[{"taxonomy":"category","embeddable":true,"href":"https:\/\/zjarr.tv\/sq\/wp-json\/wp\/v2\/categories?post=228301"},{"taxonomy":"post_tag","embeddable":true,"href":"https:\/\/zjarr.tv\/sq\/wp-json\/wp\/v2\/tags?post=228301"}],"curies":[{"name":"wp","href":"https:\/\/api.w.org\/{rel}","templated":true}]}}