{"id":228305,"date":"2022-01-02T11:29:46","date_gmt":"2022-01-02T10:29:46","guid":{"rendered":"https:\/\/zjarr.tv\/?p=228305"},"modified":"2022-01-02T11:29:46","modified_gmt":"2022-01-02T10:29:46","slug":"gjykata-rrezon-kerkesen-e-ish-ministrit-lefter-koka","status":"publish","type":"post","link":"https:\/\/zjarr.tv\/sq\/gjykata-rrezon-kerkesen-e-ish-ministrit-lefter-koka\/","title":{"rendered":"Gjykata rr\u00ebzon k\u00ebrkes\u00ebn e ish ministrit Lefter Koka"},"content":{"rendered":"<p>Dit\u00ebn e sotme, Gjykata e Posa\u00e7me e Apelit ka rr\u00ebzuar k\u00ebrkes\u00ebn e b\u00ebr\u00eb nga ish ministri i Mjedisit, Lefter Koka i cili pati k\u00ebrkuar nj\u00eb mas\u00eb m\u00eb t\u00eb but\u00eb sigurie duke shtuar se nuk ishte person me rrezikshm\u00ebri t\u00eb lart\u00eb. <\/p>\n<p>N\u00eb vendimin e dh\u00ebn\u00eb, gjykata ka p\u00ebrpiluar se ish ministri i cili akuzohet p\u00ebr vepr\u00ebn penale t\u00eb korrupsionit, t\u00eb pastrimit t\u00eb parave dhe shfryt\u00ebzimit t\u00eb postit publik, do q\u00ebndroj\u00eb n\u00eb burg t\u00eb pakt\u00ebn deri n\u00eb p\u00ebrfundimin e plot\u00eb t\u00eb hetimeve q\u00eb jan\u00eb nd\u00ebrmarr\u00eb ndaj tij. <\/p>\n<p>Kujtojm\u00eb se ishte kryetarja e LSI-s\u00eb, Monika Kryemadhe e cila s\u00eb pari dor\u00ebzoi n\u00eb SPAK dosje ku sipas saj Koka ishte p\u00ebrfshir\u00eb n\u00ebveprimtari q\u00eb shkelnin ligjin. Nd\u00ebrsa m\u00eb pas me urdh\u00ebr t\u00eb SPAK, u ekzekutua dhe arrestimi i Lefter Kok\u00ebs i cili prej dat\u00ebs 14 dhjetor po q\u00ebndron n\u00eb qelit\u00eb e paraburgimit.<\/p>\n","protected":false},"excerpt":{"rendered":"<p>Dit\u00ebn e sotme, Gjykata e Posa\u00e7me e Apelit ka rr\u00ebzuar k\u00ebrkes\u00ebn e b\u00ebr\u00eb nga ish ministri i Mjedisit, Lefter Koka i cili pati k\u00ebrkuar nj\u00eb mas\u00eb m\u00eb t\u00eb but\u00eb sigurie duke shtuar se nuk ishte person me rrezikshm\u00ebri t\u00eb lart\u00eb. N\u00eb vendimin e dh\u00ebn\u00eb, gjykata ka p\u00ebrpiluar se ish ministri i cili akuzohet p\u00ebr vepr\u00ebn [&hellip;]<\/p>\n","protected":false},"author":2031,"featured_media":212259,"comment_status":"closed","ping_status":"closed","sticky":false,"template":"","format":"standard","meta":{"footnotes":""},"categories":[231,1454,235],"tags":[],"class_list":{"0":"post-228305","1":"post","2":"type-post","3":"status-publish","4":"format-standard","5":"has-post-thumbnail","7":"category-lajme","8":"category-politike","9":"category-vendi"},"_links":{"self":[{"href":"https:\/\/zjarr.tv\/sq\/wp-json\/wp\/v2\/posts\/228305","targetHints":{"allow":["GET"]}}],"collection":[{"href":"https:\/\/zjarr.tv\/sq\/wp-json\/wp\/v2\/posts"}],"about":[{"href":"https:\/\/zjarr.tv\/sq\/wp-json\/wp\/v2\/types\/post"}],"author":[{"embeddable":true,"href":"https:\/\/zjarr.tv\/sq\/wp-json\/wp\/v2\/users\/2031"}],"replies":[{"embeddable":true,"href":"https:\/\/zjarr.tv\/sq\/wp-json\/wp\/v2\/comments?post=228305"}],"version-history":[{"count":0,"href":"https:\/\/zjarr.tv\/sq\/wp-json\/wp\/v2\/posts\/228305\/revisions"}],"wp:featuredmedia":[{"embeddable":true,"href":"https:\/\/zjarr.tv\/sq\/wp-json\/wp\/v2\/media\/212259"}],"wp:attachment":[{"href":"https:\/\/zjarr.tv\/sq\/wp-json\/wp\/v2\/media?parent=228305"}],"wp:term":[{"taxonomy":"category","embeddable":true,"href":"https:\/\/zjarr.tv\/sq\/wp-json\/wp\/v2\/categories?post=228305"},{"taxonomy":"post_tag","embeddable":true,"href":"https:\/\/zjarr.tv\/sq\/wp-json\/wp\/v2\/tags?post=228305"}],"curies":[{"name":"wp","href":"https:\/\/api.w.org\/{rel}","templated":true}]}}