{"id":228308,"date":"2022-01-02T14:36:05","date_gmt":"2022-01-02T13:36:05","guid":{"rendered":"https:\/\/zjarr.tv\/?p=228308"},"modified":"2022-01-02T14:36:05","modified_gmt":"2022-01-02T13:36:05","slug":"basha-dhe-berisha-do-ishin-duke-u-perqafuar-po-te-ishin-fituar-zgjedhjet-shehi-u-pa-se-pd-nuk-mjafton-bashke-me-ne-ka-marre-39-te-votave","status":"publish","type":"post","link":"https:\/\/zjarr.tv\/sq\/basha-dhe-berisha-do-ishin-duke-u-perqafuar-po-te-ishin-fituar-zgjedhjet-shehi-u-pa-se-pd-nuk-mjafton-bashke-me-ne-ka-marre-39-te-votave\/","title":{"rendered":"Basha dhe Berisha do ishin duke u p\u00ebrqafuar po t\u00eb ishin fituar zgjedhjet\u201d, Shehi: U pa se PD nuk mjafton, bashk\u00eb me ne ka marr\u00eb 39% t\u00eb votave"},"content":{"rendered":"<p>Kryetari i LZHK (L\u00ebvizjes p\u00ebr Zhvillim Komb\u00ebtar), Dashamir Shehi ka dh\u00ebn\u00eb nj\u00eb intervist\u00eb p\u00ebr Fax News ku foli lidhur me sfidat e shqiptar\u00ebve dhe t\u00eb opozit\u00ebs n\u00eb vitin 2021 q\u00eb lam\u00eb pas. Ai e konsideroi k\u00ebt\u00eb si nj\u00eb vit t\u00eb mbrapsht\u00eb ve\u00e7an\u00ebrisht p\u00ebr opozit\u00ebn shqiptare p\u00ebr t\u00eb cil\u00ebn Shehi tha se duhet t\u00eb riformulohej. <\/p>\n<p>N\u00eb analiz\u00ebn e b\u00ebr\u00eb, deputeti tha se situata aktuale brenda PD e p\u00ebrplasjesve mes Brerish\u00ebs dhe Bash\u00ebs kishte ardhur vet\u00ebm si rezultat i humbjes s\u00eb zgjedhjeve, sepse n\u00ebse do ishte ndryshe, Shehi argumentoi se k\u00ebta dy t\u00eb fundit do kishin ende marr\u00ebdh\u00ebnie t\u00eb mira.<\/p>\n<p>Dashamir Shehi:\u00a0Vitin 2021 do e mbaj mend p\u00ebr shum\u00eb gj\u00ebra, ka qen\u00eb nj\u00eb vit i keq dhe i mbrapsht\u00eb p\u00ebr shqiptar\u00ebt, por p\u00ebr opozit\u00ebn n\u00eb ve\u00e7anti.<\/p>\n<p> Basha dhe Berisha jan\u00eb derivat i humbjes s\u00eb zgjedhjeve. Se po t\u00eb kishin fituar zgjedhjet, do ishin maj\u00eb tribun\u00ebs duke u p\u00ebrqafuar dhe duke na p\u00ebrsh\u00ebndetur. Edhe nj\u00eb pjes\u00eb do u thonin shum\u00eb faleminderit.<\/p>\n<p> Ndodhi kjo un\u00eb tani. Fatkeq\u00ebsisht brenda PD kan\u00eb ndodhur edhe gj\u00ebra t\u00eb tjera t\u00eb cilat p\u00ebr hir t\u00eb s\u00eb v\u00ebrtet\u00ebs nuk kan\u00eb lidhje me politik\u00ebn edhe kan\u00eb fillur sherret. <\/p>\n<p>Por un\u00eb mendoj se kjo situat\u00eb do ket\u00eb nj\u00eb zgjidhje. Un\u00eb e konsiderj k\u00ebt\u00eb zgjidhje t\u00eb k\u00ebtij problemi n\u00eb nj\u00eb dimension m\u00eb t\u00eb madh. <\/p>\n<p>Koha tregoi se nuk mjafton vet\u00ebm PD, u mblodh\u00ebm ne t\u00eb gjith\u00eb me PD dhe mor\u00ebm 39%. Se jan\u00eb dhe votat tona aty, pra PD vet\u00eb mund t\u00eb jet\u00eb tek 30 apo 35%. Me sherret q\u00eb po b\u00ebhen nuk besoj se \u00ebsht\u00eb zgejdhurar. K\u00ebshtu q\u00eb ne duhet t\u00eb mendojm\u00eb nj\u00eb riformulim t\u00eb ri t\u00eb opozit\u00ebs shqiptare q\u00eb nuk e ul rolin e PD.<\/p>\n","protected":false},"excerpt":{"rendered":"<p>Kryetari i LZHK (L\u00ebvizjes p\u00ebr Zhvillim Komb\u00ebtar), Dashamir Shehi ka dh\u00ebn\u00eb nj\u00eb intervist\u00eb p\u00ebr Fax News ku foli lidhur me sfidat e shqiptar\u00ebve dhe t\u00eb opozit\u00ebs n\u00eb vitin 2021 q\u00eb lam\u00eb pas. Ai e konsideroi k\u00ebt\u00eb si nj\u00eb vit t\u00eb mbrapsht\u00eb ve\u00e7an\u00ebrisht p\u00ebr opozit\u00ebn shqiptare p\u00ebr t\u00eb cil\u00ebn Shehi tha se duhet t\u00eb riformulohej. N\u00eb [&hellip;]<\/p>\n","protected":false},"author":2031,"featured_media":169321,"comment_status":"closed","ping_status":"closed","sticky":false,"template":"","format":"standard","meta":{"footnotes":""},"categories":[231],"tags":[],"class_list":{"0":"post-228308","1":"post","2":"type-post","3":"status-publish","4":"format-standard","5":"has-post-thumbnail","7":"category-lajme"},"_links":{"self":[{"href":"https:\/\/zjarr.tv\/sq\/wp-json\/wp\/v2\/posts\/228308","targetHints":{"allow":["GET"]}}],"collection":[{"href":"https:\/\/zjarr.tv\/sq\/wp-json\/wp\/v2\/posts"}],"about":[{"href":"https:\/\/zjarr.tv\/sq\/wp-json\/wp\/v2\/types\/post"}],"author":[{"embeddable":true,"href":"https:\/\/zjarr.tv\/sq\/wp-json\/wp\/v2\/users\/2031"}],"replies":[{"embeddable":true,"href":"https:\/\/zjarr.tv\/sq\/wp-json\/wp\/v2\/comments?post=228308"}],"version-history":[{"count":0,"href":"https:\/\/zjarr.tv\/sq\/wp-json\/wp\/v2\/posts\/228308\/revisions"}],"wp:featuredmedia":[{"embeddable":true,"href":"https:\/\/zjarr.tv\/sq\/wp-json\/wp\/v2\/media\/169321"}],"wp:attachment":[{"href":"https:\/\/zjarr.tv\/sq\/wp-json\/wp\/v2\/media?parent=228308"}],"wp:term":[{"taxonomy":"category","embeddable":true,"href":"https:\/\/zjarr.tv\/sq\/wp-json\/wp\/v2\/categories?post=228308"},{"taxonomy":"post_tag","embeddable":true,"href":"https:\/\/zjarr.tv\/sq\/wp-json\/wp\/v2\/tags?post=228308"}],"curies":[{"name":"wp","href":"https:\/\/api.w.org\/{rel}","templated":true}]}}