{"id":228315,"date":"2022-01-02T20:10:39","date_gmt":"2022-01-02T19:10:39","guid":{"rendered":"https:\/\/zjarr.tv\/?p=228315"},"modified":"2022-01-02T20:10:39","modified_gmt":"2022-01-02T19:10:39","slug":"te-tjera-ngjarje-deshirojme-ne-2022-por-te-tjera-do-ndodhin","status":"publish","type":"post","link":"https:\/\/zjarr.tv\/sq\/te-tjera-ngjarje-deshirojme-ne-2022-por-te-tjera-do-ndodhin\/","title":{"rendered":"T\u00eb tjera ngjarje d\u00ebshirojm\u00eb n\u00eb 2022, por t\u00eb tjera do ndodhin\u2026"},"content":{"rendered":"<p>Nga Kreshnik Spahiu<\/p>\n<p>Pse shqiptar\u00ebt vlersojn\u00eb ata q\u00eb i genjejn\u00eb dhe nd\u00ebrkoh\u00eb urrejn\u00eb ata q\u00eb thon\u00eb t\u00eb v\u00ebrtet\u00ebn?<\/p>\n<p>Pse populli d\u00ebrshiron ti thuash ato q\u00eb p\u00eblqejn\u00eb, dhe jo ato \u00e7far\u00eb do ndodhin?<\/p>\n<p>Ku ndryshon analiza nga avokatia?<\/p>\n<p>Analiza \u00ebsht\u00eb e v\u00ebrteta e pavarur mbi fakte.<\/p>\n<p>Avokatia \u00ebsht\u00eb mbrojtje e nj\u00ebanshme e pal\u00ebs q\u00eb p\u00ebrfaq\u00ebson.<\/p>\n<p>Shpesh gazetar\u00ebt nd\u00ebrtojn\u00eb analizat dhe parashikimet mbi ato \u00e7far\u00eb d\u00ebshirojn\u00eb t\u00eb ndodhin.<\/p>\n<p>Shum\u00eb pak z\u00ebra d\u00ebgjohen t\u00eb njesojn\u00eb qefin e tyre me parashikimin.<\/p>\n<p>Po ku ndryshon d\u00ebshira nga parashikimi?<\/p>\n<p>Psh: Viti i ri 2022 do ket\u00eb shum\u00eb ngjarje kund\u00ebr d\u00ebshir\u00ebs son\u00eb:<\/p>\n<p>\u2013 Ne mund t\u00eb duam q\u00eb t\u00eb zhduket Pandemia, por ajo do vazhdoj me val\u00ebn 4 dhe 5.<\/p>\n<p>\u2013 Ne mund t\u00eb duam t\u00eb rr\u00ebzohet qeveria, por ajo do vazhdoj mandatin e plot\u00eb.<\/p>\n<p>\u2013 Ne mund t\u00eb duam arresitimin e 4 pashkaqenve shqiptar\u00eb, por kjo nuk do ndodh\u00eb, thjesht do vazhoj peshkimi sardeleve.<\/p>\n<p>\u2013 Ne mund t\u00eb duam shqyerjen e dyerve t\u00eb Lulzim Bash\u00ebs, por ai s\u2019ka p\u00ebr tu shkulur nga zyra.<\/p>\n<p>\u2013 Ne mund t\u00eb duam zgjedhje t\u00eb parakoheshme, por ato nuk do b\u00ebhen..<\/p>\n<p>\u2013 Ne mund t\u00eb duam q\u00eb Albini dhe Edi t\u00eb bashkojn\u00eb Shqip\u00ebri-Kosov\u00eb, por ata se kan\u00eb as n\u00eb axhend\u00eb.<\/p>\n<p>\u2013 Ne mund t\u00eb duam antar\u00ebsim n\u00eb BE, por askush s\u2019do na pranoj\u00eb, madje edhe n\u00eb Ballkan s\u2019do hym.<\/p>\n<p>\u2013 Ne mund t\u00eb duam q\u00eb Berisha t\u00eb fitoj luft\u00eb kund\u00ebr Amerik\u00ebs, por ai do t\u00eb humbas edhe kund\u00ebr Gaz Bardhit.<\/p>\n<p>\u2013 Ne mund t\u00eb duam, q\u00eb k\u00ebnga \u201cTa marrsha\u201d t\u00eb fitoj Eurovision, por ajo do fishk\u00ebllehet.<\/p>\n<p>P\u00ebr k\u00ebto arsye urimi m\u00eb i mir\u00eb p\u00ebr shqiptar\u00ebt, nuk \u00ebsht\u00eb: \u201cJu realizofshin \u00ebndrrat\u201d por \u201cMos shihni \u00ebndrra me sy hapur.<\/p>\n<p>Koha t\u00eb d\u00ebgjoni t\u00eb v\u00ebrtetat q\u00eb do ndodhin dhe jo ato \u00e7far\u00eb ju p\u00eblqen.<\/p>\n","protected":false},"excerpt":{"rendered":"<p>Nga Kreshnik Spahiu Pse shqiptar\u00ebt vlersojn\u00eb ata q\u00eb i genjejn\u00eb dhe nd\u00ebrkoh\u00eb urrejn\u00eb ata q\u00eb thon\u00eb t\u00eb v\u00ebrtet\u00ebn? Pse populli d\u00ebrshiron ti thuash ato q\u00eb p\u00eblqejn\u00eb, dhe jo ato \u00e7far\u00eb do ndodhin? Ku ndryshon analiza nga avokatia? Analiza \u00ebsht\u00eb e v\u00ebrteta e pavarur mbi fakte. Avokatia \u00ebsht\u00eb mbrojtje e nj\u00ebanshme e pal\u00ebs q\u00eb p\u00ebrfaq\u00ebson. Shpesh [&hellip;]<\/p>\n","protected":false},"author":2031,"featured_media":188396,"comment_status":"closed","ping_status":"closed","sticky":false,"template":"","format":"standard","meta":{"footnotes":""},"categories":[364,231],"tags":[],"class_list":{"0":"post-228315","1":"post","2":"type-post","3":"status-publish","4":"format-standard","5":"has-post-thumbnail","7":"category-koment-opinion","8":"category-lajme"},"_links":{"self":[{"href":"https:\/\/zjarr.tv\/sq\/wp-json\/wp\/v2\/posts\/228315","targetHints":{"allow":["GET"]}}],"collection":[{"href":"https:\/\/zjarr.tv\/sq\/wp-json\/wp\/v2\/posts"}],"about":[{"href":"https:\/\/zjarr.tv\/sq\/wp-json\/wp\/v2\/types\/post"}],"author":[{"embeddable":true,"href":"https:\/\/zjarr.tv\/sq\/wp-json\/wp\/v2\/users\/2031"}],"replies":[{"embeddable":true,"href":"https:\/\/zjarr.tv\/sq\/wp-json\/wp\/v2\/comments?post=228315"}],"version-history":[{"count":0,"href":"https:\/\/zjarr.tv\/sq\/wp-json\/wp\/v2\/posts\/228315\/revisions"}],"wp:featuredmedia":[{"embeddable":true,"href":"https:\/\/zjarr.tv\/sq\/wp-json\/wp\/v2\/media\/188396"}],"wp:attachment":[{"href":"https:\/\/zjarr.tv\/sq\/wp-json\/wp\/v2\/media?parent=228315"}],"wp:term":[{"taxonomy":"category","embeddable":true,"href":"https:\/\/zjarr.tv\/sq\/wp-json\/wp\/v2\/categories?post=228315"},{"taxonomy":"post_tag","embeddable":true,"href":"https:\/\/zjarr.tv\/sq\/wp-json\/wp\/v2\/tags?post=228315"}],"curies":[{"name":"wp","href":"https:\/\/api.w.org\/{rel}","templated":true}]}}