{"id":228318,"date":"2022-01-02T20:19:44","date_gmt":"2022-01-02T19:19:44","guid":{"rendered":"https:\/\/zjarr.tv\/?p=228318"},"modified":"2022-01-02T20:19:44","modified_gmt":"2022-01-02T19:19:44","slug":"kryeministri-kurti-te-gatshem-per-marreveshje-me-serbine","status":"publish","type":"post","link":"https:\/\/zjarr.tv\/sq\/kryeministri-kurti-te-gatshem-per-marreveshje-me-serbine\/","title":{"rendered":"Kryeministri Kurti: T\u00eb gatsh\u00ebm p\u00ebr marr\u00ebveshje me Serbin\u00eb"},"content":{"rendered":"<p>Qeveria e Kosov\u00ebs synon q\u00eb t\u00eb arrij\u00eb marr\u00ebveshjen me Serbin\u00eb p\u00ebr t\u00eb normalizuar k\u00ebshtu situat\u00ebn mes dy shteteve.<\/p>\n<p>Kryeministri Albin Kurti ka th\u00ebn\u00eb p\u00ebr Tv Klan se jan\u00eb t\u00eb gatsh\u00ebm  q\u00eb kjo t\u00eb ndodh edhe gjat\u00eb vitit 2022, por nj\u00eb gj\u00eb e till\u00eb varet edhe nga Serbia.<\/p>\n<p>\u201cA do t\u00eb ket\u00eb nj\u00eb marr\u00ebveshje t\u00eb till\u00eb varet shum\u00eb m\u00eb shum\u00eb nga Serbia sesa nga Kosova meqen\u00ebse ne jemi t\u00eb gatsh\u00ebm. Marr\u00ebveshja q\u00eb nuk e n\u00ebnkuptojn\u00eb si qend\u00ebr t\u00eb p\u00ebrmbajtjes njohjen reciproke natyrisht q\u00eb nuk jan\u00eb t\u00eb pranueshme p\u00ebr ne por edhe nuk jan\u00eb t\u00eb dobishme p\u00ebr ask\u00ebnd\u201d tha Kurti.<\/p>\n<p>\u201cSerbia d\u00ebshiron t\u00eb vazhdoj rrug\u00ebn europiane por k\u00ebt\u00eb nuk do t\u00eb mund ta b\u00ebj pa e pranuar Kosov\u00ebn dhe n\u00eb an\u00ebn tjet\u00ebr Kosova d\u00ebshiron edhe  integrime europiane por edhe euroatlantike dhe p\u00ebr k\u00ebt\u00eb na nevoitet nj\u00eb normalizim i plot\u00eb me Serbin\u00eb\u201d, tha ai nd\u00ebr t\u00eb tjera.<\/p>\n","protected":false},"excerpt":{"rendered":"<p>Qeveria e Kosov\u00ebs synon q\u00eb t\u00eb arrij\u00eb marr\u00ebveshjen me Serbin\u00eb p\u00ebr t\u00eb normalizuar k\u00ebshtu situat\u00ebn mes dy shteteve. Kryeministri Albin Kurti ka th\u00ebn\u00eb p\u00ebr Tv Klan se jan\u00eb t\u00eb gatsh\u00ebm q\u00eb kjo t\u00eb ndodh edhe gjat\u00eb vitit 2022, por nj\u00eb gj\u00eb e till\u00eb varet edhe nga Serbia. \u201cA do t\u00eb ket\u00eb nj\u00eb marr\u00ebveshje t\u00eb till\u00eb [&hellip;]<\/p>\n","protected":false},"author":2031,"featured_media":172316,"comment_status":"closed","ping_status":"closed","sticky":false,"template":"","format":"standard","meta":{"footnotes":""},"categories":[231],"tags":[],"class_list":{"0":"post-228318","1":"post","2":"type-post","3":"status-publish","4":"format-standard","5":"has-post-thumbnail","7":"category-lajme"},"_links":{"self":[{"href":"https:\/\/zjarr.tv\/sq\/wp-json\/wp\/v2\/posts\/228318","targetHints":{"allow":["GET"]}}],"collection":[{"href":"https:\/\/zjarr.tv\/sq\/wp-json\/wp\/v2\/posts"}],"about":[{"href":"https:\/\/zjarr.tv\/sq\/wp-json\/wp\/v2\/types\/post"}],"author":[{"embeddable":true,"href":"https:\/\/zjarr.tv\/sq\/wp-json\/wp\/v2\/users\/2031"}],"replies":[{"embeddable":true,"href":"https:\/\/zjarr.tv\/sq\/wp-json\/wp\/v2\/comments?post=228318"}],"version-history":[{"count":0,"href":"https:\/\/zjarr.tv\/sq\/wp-json\/wp\/v2\/posts\/228318\/revisions"}],"wp:featuredmedia":[{"embeddable":true,"href":"https:\/\/zjarr.tv\/sq\/wp-json\/wp\/v2\/media\/172316"}],"wp:attachment":[{"href":"https:\/\/zjarr.tv\/sq\/wp-json\/wp\/v2\/media?parent=228318"}],"wp:term":[{"taxonomy":"category","embeddable":true,"href":"https:\/\/zjarr.tv\/sq\/wp-json\/wp\/v2\/categories?post=228318"},{"taxonomy":"post_tag","embeddable":true,"href":"https:\/\/zjarr.tv\/sq\/wp-json\/wp\/v2\/tags?post=228318"}],"curies":[{"name":"wp","href":"https:\/\/api.w.org\/{rel}","templated":true}]}}