{"id":228321,"date":"2022-01-02T20:58:21","date_gmt":"2022-01-02T19:58:21","guid":{"rendered":"https:\/\/zjarr.tv\/?p=228321"},"modified":"2022-01-02T20:58:21","modified_gmt":"2022-01-02T19:58:21","slug":"basha-edhe-3-dite-kohe-qe-te-dorezoje-vullnetarisht-zyren-e-kryetarit-berisha-mesazh-2022-do-te-jete-padyshim-viti-i-demokrateve","status":"publish","type":"post","link":"https:\/\/zjarr.tv\/sq\/basha-edhe-3-dite-kohe-qe-te-dorezoje-vullnetarisht-zyren-e-kryetarit-berisha-mesazh-2022-do-te-jete-padyshim-viti-i-demokrateve\/","title":{"rendered":"Basha edhe 3 dit\u00eb koh\u00eb q\u00eb t\u00eb dor\u00ebzoj\u00eb vullnetarisht zyr\u00ebn e kryetarit, Berisha mesazh: 2022 do t\u00eb jet\u00eb padyshim viti i demokrat\u00ebve"},"content":{"rendered":"<p>Ish-kryeminisri Sali Berisha thot\u00eb se 2022 do jet\u00eb viti I demokrat\u00ebve.<\/p>\n<p>Me an\u00eb t\u00eb nj\u00eb postimi n\u00eb rrjetet sociale, ai poston nj\u00eb foto ku shihet me dy gishtat e ngritur lart, teksa shkruan se ky do jet\u00eb viti I demokrat\u00ebve.<\/p>\n<p>\u201c2022 do t\u00eb jet\u00eb padyshim viti i demokrat\u00ebve, Shqip\u00ebris\u00eb dhe gjith\u00eb shqiptar\u00ebve q\u00eb duan dheun e tyre!\u201d shkruan Berisha n\u00eb postimin e tij.<\/p>\n<p>Kujtojm\u00eb q\u00eb pas dat\u00ebs 5 janar pritet q\u00eb t\u00eb ket\u00eb zhvillime n\u00eb Partin\u00eb Demokratike, pasi disa dit\u00eb m\u00eb par\u00eb Belind K\u00ebllici n\u00eb em\u00ebr t\u00eb Komisionit t\u00eb Rithemelimit, u shpreh sa kreu I PD, Lulzim Basha ka koh\u00eb deri n\u00eb 5 janar q\u00eb t\u00eb l\u00ebr\u00eb zyren e kryetari vullnetarisht.<\/p>\n<p>Ata kan\u00eb paralajm\u00ebruar se n\u00ebse Basha nuk largohet ata do t\u00eb futen vet\u00eb (demokratet) n\u00eb zyr\u00eb. Mbetet p\u00ebr t\u00eb par\u00eb par\u00eb se cfar\u00eb do t\u00eb ndodh\u00eb me PD.<\/p>\n","protected":false},"excerpt":{"rendered":"<p>Ish-kryeminisri Sali Berisha thot\u00eb se 2022 do jet\u00eb viti I demokrat\u00ebve. Me an\u00eb t\u00eb nj\u00eb postimi n\u00eb rrjetet sociale, ai poston nj\u00eb foto ku shihet me dy gishtat e ngritur lart, teksa shkruan se ky do jet\u00eb viti I demokrat\u00ebve. \u201c2022 do t\u00eb jet\u00eb padyshim viti i demokrat\u00ebve, Shqip\u00ebris\u00eb dhe gjith\u00eb shqiptar\u00ebve q\u00eb duan dheun [&hellip;]<\/p>\n","protected":false},"author":2031,"featured_media":208332,"comment_status":"closed","ping_status":"closed","sticky":false,"template":"","format":"standard","meta":{"footnotes":""},"categories":[231],"tags":[],"class_list":{"0":"post-228321","1":"post","2":"type-post","3":"status-publish","4":"format-standard","5":"has-post-thumbnail","7":"category-lajme"},"_links":{"self":[{"href":"https:\/\/zjarr.tv\/sq\/wp-json\/wp\/v2\/posts\/228321","targetHints":{"allow":["GET"]}}],"collection":[{"href":"https:\/\/zjarr.tv\/sq\/wp-json\/wp\/v2\/posts"}],"about":[{"href":"https:\/\/zjarr.tv\/sq\/wp-json\/wp\/v2\/types\/post"}],"author":[{"embeddable":true,"href":"https:\/\/zjarr.tv\/sq\/wp-json\/wp\/v2\/users\/2031"}],"replies":[{"embeddable":true,"href":"https:\/\/zjarr.tv\/sq\/wp-json\/wp\/v2\/comments?post=228321"}],"version-history":[{"count":0,"href":"https:\/\/zjarr.tv\/sq\/wp-json\/wp\/v2\/posts\/228321\/revisions"}],"wp:featuredmedia":[{"embeddable":true,"href":"https:\/\/zjarr.tv\/sq\/wp-json\/wp\/v2\/media\/208332"}],"wp:attachment":[{"href":"https:\/\/zjarr.tv\/sq\/wp-json\/wp\/v2\/media?parent=228321"}],"wp:term":[{"taxonomy":"category","embeddable":true,"href":"https:\/\/zjarr.tv\/sq\/wp-json\/wp\/v2\/categories?post=228321"},{"taxonomy":"post_tag","embeddable":true,"href":"https:\/\/zjarr.tv\/sq\/wp-json\/wp\/v2\/tags?post=228321"}],"curies":[{"name":"wp","href":"https:\/\/api.w.org\/{rel}","templated":true}]}}