{"id":228324,"date":"2022-01-02T21:02:08","date_gmt":"2022-01-02T20:02:08","guid":{"rendered":"https:\/\/zjarr.tv\/?p=228324"},"modified":"2022-01-02T21:02:08","modified_gmt":"2022-01-02T20:02:08","slug":"pandemia-ne-meshire-te-fatit-vasili-1150-testime-ne-dite-vetem-per-te-fshehur-te-verteten","status":"publish","type":"post","link":"https:\/\/zjarr.tv\/sq\/pandemia-ne-meshire-te-fatit-vasili-1150-testime-ne-dite-vetem-per-te-fshehur-te-verteten\/","title":{"rendered":"\u201cPandemia n\u00eb m\u00ebshir\u00eb t\u00eb fatit!\u201d, Vasili: 1150 testime n\u00eb dit\u00eb vet\u00ebm p\u00ebr t\u00eb fshehur t\u00eb v\u00ebrtet\u00ebn"},"content":{"rendered":"<p>N\u00ebnkryetari i L\u00ebvizjes Socialiste p\u00ebr Integrim, Petrit Vasili ka reaguar p\u00ebr situat\u00ebn e kronavirusit n\u00eb vend, dhe kryesisht p\u00ebr numrin e ul\u00ebt t\u00eb testimeve.<br \/>\nDuke iu referuar shifrave t\u00eb publikuara nga Ministria e Sh\u00ebndet\u00ebsis\u00eb, Vasili thot\u00eb se ulja e testimeve, \u00ebsht\u00eb fshehje e shifrave reale.<\/p>\n<p>Sipas Vasilit, n\u00eb nj\u00eb koh\u00eb q\u00eb bota po p\u00ebrballet me rritjen e infektimeve p\u00ebr shkak t\u00eb variantit Omicron, qeveria shqiptare ka zgjedhur t\u2019i l\u00ebr\u00eb qytetar\u00ebt n\u00eb m\u00ebshir\u00eb t\u00eb fatit.<\/p>\n<p>Postimi i plot\u00eb:<\/p>\n<p>Pandemia ne meshire te fatit dhe te propagandes!<\/p>\n<p>Sot ne Shqiperi jane bere vetem 1150 testime ne dite per Covid.<\/p>\n<p>Kjo eshte papergjegjshmeri e rende.<\/p>\n<p>Kjo eshte te fshehesh te verteten, te fshehesh realitetin.<\/p>\n<p>Ne vend ti shumefishojne testimet sic situata e kerkon keta i pakesojne ne menyre skandaloze.<\/p>\n<p>Ndjekja e situates kaq te veshtire me Covidin nuk ka feste sepse diskutohet jeta e njerezve.<\/p>\n<p>Europa eshte ne alert per shkak te Omikronit dhe rastet jane shtuar ne menyre shume kritike.<\/p>\n<p>Kjo do thote, qe qeveria i ka lene qytetaret totalisht ne meshire te fatit.<\/p>\n<p>Kjo do te thote qe gjithshka qeveria flet eshte vetem propagande dhe nuk merr asnje pergjegjesi mbi vete.<\/p>\n<p>Boll me me vjersha propagandistike bolshevike dhe suksese imagjinare se njerezit po sakatohen edhe nga ana shendetesore edhe nga ajo ekonomike.<\/p>\n","protected":false},"excerpt":{"rendered":"<p>N\u00ebnkryetari i L\u00ebvizjes Socialiste p\u00ebr Integrim, Petrit Vasili ka reaguar p\u00ebr situat\u00ebn e kronavirusit n\u00eb vend, dhe kryesisht p\u00ebr numrin e ul\u00ebt t\u00eb testimeve. Duke iu referuar shifrave t\u00eb publikuara nga Ministria e Sh\u00ebndet\u00ebsis\u00eb, Vasili thot\u00eb se ulja e testimeve, \u00ebsht\u00eb fshehje e shifrave reale. Sipas Vasilit, n\u00eb nj\u00eb koh\u00eb q\u00eb bota po p\u00ebrballet me [&hellip;]<\/p>\n","protected":false},"author":2031,"featured_media":157470,"comment_status":"closed","ping_status":"closed","sticky":false,"template":"","format":"standard","meta":{"footnotes":""},"categories":[231],"tags":[],"class_list":{"0":"post-228324","1":"post","2":"type-post","3":"status-publish","4":"format-standard","5":"has-post-thumbnail","7":"category-lajme"},"_links":{"self":[{"href":"https:\/\/zjarr.tv\/sq\/wp-json\/wp\/v2\/posts\/228324","targetHints":{"allow":["GET"]}}],"collection":[{"href":"https:\/\/zjarr.tv\/sq\/wp-json\/wp\/v2\/posts"}],"about":[{"href":"https:\/\/zjarr.tv\/sq\/wp-json\/wp\/v2\/types\/post"}],"author":[{"embeddable":true,"href":"https:\/\/zjarr.tv\/sq\/wp-json\/wp\/v2\/users\/2031"}],"replies":[{"embeddable":true,"href":"https:\/\/zjarr.tv\/sq\/wp-json\/wp\/v2\/comments?post=228324"}],"version-history":[{"count":0,"href":"https:\/\/zjarr.tv\/sq\/wp-json\/wp\/v2\/posts\/228324\/revisions"}],"wp:featuredmedia":[{"embeddable":true,"href":"https:\/\/zjarr.tv\/sq\/wp-json\/wp\/v2\/media\/157470"}],"wp:attachment":[{"href":"https:\/\/zjarr.tv\/sq\/wp-json\/wp\/v2\/media?parent=228324"}],"wp:term":[{"taxonomy":"category","embeddable":true,"href":"https:\/\/zjarr.tv\/sq\/wp-json\/wp\/v2\/categories?post=228324"},{"taxonomy":"post_tag","embeddable":true,"href":"https:\/\/zjarr.tv\/sq\/wp-json\/wp\/v2\/tags?post=228324"}],"curies":[{"name":"wp","href":"https:\/\/api.w.org\/{rel}","templated":true}]}}