{"id":228351,"date":"2022-01-03T07:23:15","date_gmt":"2022-01-03T06:23:15","guid":{"rendered":"https:\/\/zjarr.tv\/?p=228351"},"modified":"2022-01-03T07:23:15","modified_gmt":"2022-01-03T06:23:15","slug":"tirana-papers","status":"publish","type":"post","link":"https:\/\/zjarr.tv\/sq\/tirana-papers\/","title":{"rendered":"Tirana Papers"},"content":{"rendered":"<p>Nga Artan Fuga<\/p>\n<p>N\u00eb historin\u00eb e gazetaris\u00eb ka raste t\u00eb m\u00ebdha t\u00eb nxjerrjes n\u00eb shesh t\u00eb informacioneve q\u00eb kan\u00eb p\u00ebrb\u00ebr\u00eb interes publik, q\u00eb ose i kan\u00eb investiguar gazetar\u00eb heronj, ose ka pasur rjedhje informacioni nga establishmenti, ose ky informacion \u00ebsht\u00eb botuar nga drejtues heronj mediash!<\/p>\n<p>Kjo \u00ebsht\u00eb e v\u00ebrteta q\u00eb \u00e7do student i vitit t\u00eb dyt\u00eb gazetari e di, ose duhet ta dij\u00eb, n\u00eb mos nuk e di, duhet ta m\u00ebsoj\u00eb! Por vitin e tret\u00eb nuk mund ta kaloj\u00eb n\u00ebse nuk e di!<\/p>\n<p>Ka Vietnam Papers, ka Watergate, ka Panama Papers, por ja paska edhe Tirana Papers, rasti m\u00eb i turpsh\u00ebm jo i rjedhjes t\u00eb informacionit n\u00eb media, se k\u00ebtu nuk ka asgj\u00eb t\u00eb keqe, por q\u00eb uji i informacionit rrjedh si p\u00ebrrua, dhe media nuk e merr ta paraqesi p\u00ebr t\u00eb qen\u00eb hidrocentral q\u00eb t\u00eb b\u00ebj\u00eb drit\u00eb, t\u00eb ndri\u00e7oj\u00eb.<\/p>\n<p>Sepse e kan\u00eb kapur p\u00ebr fyti! Nuk \u00ebsht\u00eb rrezim i shtetit, jo, se ka pasur shtete m\u00eb t\u00eb m\u00ebdhenj, u ka rjedhur informacioni sekret, dhe kan\u00eb ekzistuar si m\u00eb par\u00eb!<\/p>\n<p>Gjejeni tani kush vlen, media sociale q\u00eb i boton, flet, i komenton, apo media profesionale q\u00eb hesht? Ja nuk p\u00ebrgjigjem vet\u00ebm pyes!<\/p>\n<p>K\u00ebto vdiq\u00ebn! Kishin vdekur, por kriza e Tirana Papers, por jo rrjedhja e informacionit sikund\u00ebr e trajtojn\u00eb krejt keq, mbrapsht, gabim, disa drejtues gjoja opozitar\u00eb, por fakti se \u00e7far\u00eb tregojn\u00eb k\u00ebto t\u00eb dh\u00ebna, d\u00ebshmon se vdiq\u00ebn t\u00eb gjitha k\u00ebto m\u00eb sip\u00ebr.<\/p>\n<p>Nes\u00ebr analiz\u00eb k\u00ebtu p\u00ebr nj\u00eb v\u00ebshtrim t\u00eb par\u00eb global t\u00eb TIRANA PAPERS!<\/p>\n","protected":false},"excerpt":{"rendered":"<p>Nga Artan Fuga N\u00eb historin\u00eb e gazetaris\u00eb ka raste t\u00eb m\u00ebdha t\u00eb nxjerrjes n\u00eb shesh t\u00eb informacioneve q\u00eb kan\u00eb p\u00ebrb\u00ebr\u00eb interes publik, q\u00eb ose i kan\u00eb investiguar gazetar\u00eb heronj, ose ka pasur rjedhje informacioni nga establishmenti, ose ky informacion \u00ebsht\u00eb botuar nga drejtues heronj mediash! Kjo \u00ebsht\u00eb e v\u00ebrteta q\u00eb \u00e7do student i vitit t\u00eb [&hellip;]<\/p>\n","protected":false},"author":2031,"featured_media":228352,"comment_status":"closed","ping_status":"closed","sticky":false,"template":"","format":"standard","meta":{"footnotes":""},"categories":[231],"tags":[],"class_list":{"0":"post-228351","1":"post","2":"type-post","3":"status-publish","4":"format-standard","5":"has-post-thumbnail","7":"category-lajme"},"_links":{"self":[{"href":"https:\/\/zjarr.tv\/sq\/wp-json\/wp\/v2\/posts\/228351","targetHints":{"allow":["GET"]}}],"collection":[{"href":"https:\/\/zjarr.tv\/sq\/wp-json\/wp\/v2\/posts"}],"about":[{"href":"https:\/\/zjarr.tv\/sq\/wp-json\/wp\/v2\/types\/post"}],"author":[{"embeddable":true,"href":"https:\/\/zjarr.tv\/sq\/wp-json\/wp\/v2\/users\/2031"}],"replies":[{"embeddable":true,"href":"https:\/\/zjarr.tv\/sq\/wp-json\/wp\/v2\/comments?post=228351"}],"version-history":[{"count":0,"href":"https:\/\/zjarr.tv\/sq\/wp-json\/wp\/v2\/posts\/228351\/revisions"}],"wp:featuredmedia":[{"embeddable":true,"href":"https:\/\/zjarr.tv\/sq\/wp-json\/wp\/v2\/media\/228352"}],"wp:attachment":[{"href":"https:\/\/zjarr.tv\/sq\/wp-json\/wp\/v2\/media?parent=228351"}],"wp:term":[{"taxonomy":"category","embeddable":true,"href":"https:\/\/zjarr.tv\/sq\/wp-json\/wp\/v2\/categories?post=228351"},{"taxonomy":"post_tag","embeddable":true,"href":"https:\/\/zjarr.tv\/sq\/wp-json\/wp\/v2\/tags?post=228351"}],"curies":[{"name":"wp","href":"https:\/\/api.w.org\/{rel}","templated":true}]}}