{"id":228374,"date":"2022-01-03T12:05:32","date_gmt":"2022-01-03T11:05:32","guid":{"rendered":"https:\/\/zjarr.tv\/?p=228374"},"modified":"2022-01-03T12:05:32","modified_gmt":"2022-01-03T11:05:32","slug":"ultimatumi-i-berishes-per-5-janarin-deputeti-collaku-e-trishtueshme-thirrja-e-miqve-te-mi-demokrate-per-te-pushtuar-godinen-e-pd","status":"publish","type":"post","link":"https:\/\/zjarr.tv\/sq\/ultimatumi-i-berishes-per-5-janarin-deputeti-collaku-e-trishtueshme-thirrja-e-miqve-te-mi-demokrate-per-te-pushtuar-godinen-e-pd\/","title":{"rendered":"Ultimatumi i Berish\u00ebs p\u00ebr 5 Janarin, deputeti \u00c7ollaku: E trishtueshme thirrja e miqve t\u00eb mi demokrat\u00eb p\u00ebr t\u00eb pushtuar godin\u00ebn e PD"},"content":{"rendered":"<p>Deputeti i PD Kreshnik \u00c7ollaku thot\u00eb se thirrja e disa deputet\u00ebve t\u00eb PD, q\u00eb ende i konsideron miq, p\u00ebr \u201ct\u00eb pushtuar dhe dhunuar selin\u00eb e PD\u201d \u00ebsht\u00eb e trishtueshme. Sipas deputetit t\u00eb rreshtuar krah Bash\u00ebs, ultimatumi i Berish\u00ebs p\u00ebr lirimin e zyr\u00ebs deri m\u00eb 5 janar \u00ebsht\u00eb nj\u00eb dhurat\u00eb e pamerituar p\u00ebr Edi Ram\u00ebn.<\/p>\n<p>N\u00eb nj\u00eb intervist\u00eb p\u00ebr RTV Ora, Kreshnik \u00c7ollaku tha se pal\u00ebt duhet t\u2019i th\u00ebrrasin arsyes. Edhe n\u00ebse bashk\u00ebjetesa nuk \u00ebsht\u00eb e mundshme, ai u shpreh se ndarja duhet t\u00eb jet\u00eb e qytet\u00ebruar dhe t\u00eb mos damkosin me turp partin\u00eb.<\/p>\n<p>\u201cT\u00eb p\u00ebrpiqemi t\u00eb q\u00ebndrojm\u00eb bashk\u00eb duke pasur ide t\u00eb ndryshme por edhe n\u00ebse vler\u00ebsojm\u00eb se nuk mund t\u00eb rrim\u00eb dot bashk\u00eb se jemi aq t\u00eb ndrysh\u00ebm ka m\u00ebnyra civile, t\u00eb qytet\u00ebruara q\u00eb t\u00eb ndahemi n\u00eb m\u00ebnyr\u00eb t\u00eb qytet\u00ebruar.\u00cbsht\u00eb e trishtueshme, do t\u00eb desha t\u00eb ishte nj\u00eb \u00ebnd\u00ebrr e keqe thirrja e disa miqve t\u00eb mi dhe t\u00eb tjer\u00ebve k\u00ebtu p\u00ebr t\u00eb pushtuar, dhunuar demokrat\u00ebt apo selin\u00eb e PD.<\/p>\n<p>T\u00eb gjith\u00eb e din\u00eb as n\u00eb 5, as n\u00eb 8 as n\u00eb 18 asgj\u00eb nuk ndodh se partia ka institucione. T\u00eb krijohet nj\u00eb provokim i till\u00eb i sh\u00ebmtuar do t\u00eb ishte nj\u00eb dhurat\u00eb e pamerituar p\u00ebr Edi Ram\u00ebn, turp\u00ebrim i PD. Sot q\u00eb t\u00eb shmangin k\u00ebt\u00eb turp e kan\u00eb n\u00eb dor\u00eb k\u00ebta miqt\u00eb e mi, jo demokrat\u00ebt e m\u00ebrzitur me Lulzim Bash\u00ebn, me ne, jo ata q\u00eb kan\u00eb firmosur, jo ata q\u00eb kan\u00eb menduar se po b\u00ebjn\u00eb referendum, kuvend.<\/p>\n<p>Sot k\u00ebt\u00eb p\u00ebrgjegj\u00ebsi e ka nj\u00eb grup 10-20 vetash q\u00eb p\u00ebr karrier\u00ebn e tyre, k\u00ebnaq\u00ebsit\u00eb dhe pak\u00ebnaq\u00ebsit\u00eb e tyre dhe Lulzim Bash\u00ebn, disa e kan\u00eb t\u00eb drejt\u00eb m\u00ebrzin\u00eb me Lulzim Bash\u00ebn por jo p\u00ebr k\u00ebt\u00eb motiv. Ata e kan\u00eb n\u00eb dor\u00eb ti th\u00ebrrasin arsyes dhe ta shp\u00ebtojn\u00eb t\u00eb gjith\u00eb bashk\u00eb k\u00ebt\u00eb seli, k\u00ebt\u00eb sig\u00ebl, k\u00ebt\u00eb parti nga nj\u00eb turp. N\u00ebse akte t\u00eb tilla ndodhin do t\u00eb ishte turp\u00ebrimi m\u00eb i madh p\u00ebr k\u00ebt\u00eb parti\u201d, \u00ebsht\u00eb shprehur deputeti i PD.<\/p>\n","protected":false},"excerpt":{"rendered":"<p>Deputeti i PD Kreshnik \u00c7ollaku thot\u00eb se thirrja e disa deputet\u00ebve t\u00eb PD, q\u00eb ende i konsideron miq, p\u00ebr \u201ct\u00eb pushtuar dhe dhunuar selin\u00eb e PD\u201d \u00ebsht\u00eb e trishtueshme. Sipas deputetit t\u00eb rreshtuar krah Bash\u00ebs, ultimatumi i Berish\u00ebs p\u00ebr lirimin e zyr\u00ebs deri m\u00eb 5 janar \u00ebsht\u00eb nj\u00eb dhurat\u00eb e pamerituar p\u00ebr Edi Ram\u00ebn. N\u00eb [&hellip;]<\/p>\n","protected":false},"author":2030,"featured_media":228375,"comment_status":"closed","ping_status":"closed","sticky":false,"template":"","format":"standard","meta":{"footnotes":""},"categories":[241,3366,5380,1454],"tags":[],"class_list":{"0":"post-228374","1":"post","2":"type-post","3":"status-publish","4":"format-standard","5":"has-post-thumbnail","7":"category-aktualitet","8":"category-koment","9":"category-kryesore","10":"category-politike"},"_links":{"self":[{"href":"https:\/\/zjarr.tv\/sq\/wp-json\/wp\/v2\/posts\/228374","targetHints":{"allow":["GET"]}}],"collection":[{"href":"https:\/\/zjarr.tv\/sq\/wp-json\/wp\/v2\/posts"}],"about":[{"href":"https:\/\/zjarr.tv\/sq\/wp-json\/wp\/v2\/types\/post"}],"author":[{"embeddable":true,"href":"https:\/\/zjarr.tv\/sq\/wp-json\/wp\/v2\/users\/2030"}],"replies":[{"embeddable":true,"href":"https:\/\/zjarr.tv\/sq\/wp-json\/wp\/v2\/comments?post=228374"}],"version-history":[{"count":0,"href":"https:\/\/zjarr.tv\/sq\/wp-json\/wp\/v2\/posts\/228374\/revisions"}],"wp:featuredmedia":[{"embeddable":true,"href":"https:\/\/zjarr.tv\/sq\/wp-json\/wp\/v2\/media\/228375"}],"wp:attachment":[{"href":"https:\/\/zjarr.tv\/sq\/wp-json\/wp\/v2\/media?parent=228374"}],"wp:term":[{"taxonomy":"category","embeddable":true,"href":"https:\/\/zjarr.tv\/sq\/wp-json\/wp\/v2\/categories?post=228374"},{"taxonomy":"post_tag","embeddable":true,"href":"https:\/\/zjarr.tv\/sq\/wp-json\/wp\/v2\/tags?post=228374"}],"curies":[{"name":"wp","href":"https:\/\/api.w.org\/{rel}","templated":true}]}}