{"id":228527,"date":"2022-01-04T10:01:44","date_gmt":"2022-01-04T09:01:44","guid":{"rendered":"https:\/\/zjarr.tv\/?p=228527"},"modified":"2022-01-04T10:01:44","modified_gmt":"2022-01-04T09:01:44","slug":"kishin-vjedhur-disa-banesa-policia-e-korces-arreston-3-persona","status":"publish","type":"post","link":"https:\/\/zjarr.tv\/sq\/kishin-vjedhur-disa-banesa-policia-e-korces-arreston-3-persona\/","title":{"rendered":"Kishin vjedhur disa banesa, Policia e Kor\u00e7\u00ebs arreston 3 persona"},"content":{"rendered":"<p>3 persona jan\u00eb arrestuar nga policia e Kor\u00e7\u00ebs si autor t\u00eb dyshuar p\u00ebr vjedhjen e disa banesave, nga ku kan\u00eb marr\u00eb televizor\u00eb plazma, bizhuteri, shuma parash, tablet dhe sende t\u00eb tjera.<\/p>\n<p>Sh\u00ebrbimet e Komisariatit t\u00eb Policis\u00eb Kor\u00e7\u00eb, n\u00eb vijim t\u00eb pun\u00ebs p\u00ebr zbardhjen dhe dokumentimin e disa vjedhjeve n\u00eb banesa dhe biznese, t\u00eb ndodhura s\u00eb fundmi n\u00eb qytetin e Kor\u00e7\u00ebs, b\u00ebn\u00eb t\u00eb mundur kapjen e autor\u00ebve t\u00eb dyshuar t\u00eb ngjarjeve konkretisht shtetasve O. K., 43 vje\u00e7; M. Q., 42 vje\u00e7 dhe Xh. P., 37 vje\u00e7, banues n\u00eb Kor\u00e7\u00eb.<\/p>\n<p>K\u00ebta shtetas n\u00eb bashk\u00ebpunim mes tyre m\u00eb dat\u00eb 03.01.2022, n\u00eb lagjen nr. 10, Kor\u00e7\u00eb, kan\u00eb vjedhur n\u00eb banes\u00ebn e shtetasit I. R., nj\u00eb televizor plazma, dy tableta dhe disa bizhuteri floriri.<\/p>\n<p>Nga veprimet e m\u00ebtejshme hetimore, dyshohet se tre shtetasit e m\u00ebsip\u00ebrm jan\u00eb autor\u00eb edhe t\u00eb ngjarjeve t\u00eb m\u00ebposhtme t\u00eb ndodhura n\u00eb lagjen nr. 18, Kor\u00e7\u00eb. Konkretisht m\u00eb dat\u00eb 30.08.2021, n\u00eb banes\u00ebn e shtetasit N. X., kan\u00eb vjedhur nj\u00eb televizor plazma dhe disa orendi bakri, m\u00eb dat\u00eb 08.10.2021, n\u00eb dyqanin e shtetasit E. K., nj\u00eb sasi lek\u00ebsh dhe n\u00eb lokalin e shtetasit Sh. I., nj\u00eb televizor plazma.<\/p>\n<p>N\u00eb cil\u00ebsin\u00eb e prov\u00ebs materiale u gjet\u00ebn dhe sekuestruan nj\u00eb televizor plazma, dy celular\u00eb dhe nj\u00eb sasi lek\u00ebsh.<\/p>\n<p>Materialet i kaluan Prokuroris\u00eb s\u00eb Rrethit Gjyq\u00ebsor Kor\u00e7\u00eb, p\u00ebr vepr\u00ebn penale \u201cVjedhja\u201d, kryer n\u00eb bashk\u00ebpunim.<\/p>\n","protected":false},"excerpt":{"rendered":"<p>3 persona jan\u00eb arrestuar nga policia e Kor\u00e7\u00ebs si autor t\u00eb dyshuar p\u00ebr vjedhjen e disa banesave, nga ku kan\u00eb marr\u00eb televizor\u00eb plazma, bizhuteri, shuma parash, tablet dhe sende t\u00eb tjera. Sh\u00ebrbimet e Komisariatit t\u00eb Policis\u00eb Kor\u00e7\u00eb, n\u00eb vijim t\u00eb pun\u00ebs p\u00ebr zbardhjen dhe dokumentimin e disa vjedhjeve n\u00eb banesa dhe biznese, t\u00eb ndodhura s\u00eb [&hellip;]<\/p>\n","protected":false},"author":2031,"featured_media":228528,"comment_status":"closed","ping_status":"closed","sticky":false,"template":"","format":"standard","meta":{"footnotes":""},"categories":[231],"tags":[],"class_list":{"0":"post-228527","1":"post","2":"type-post","3":"status-publish","4":"format-standard","5":"has-post-thumbnail","7":"category-lajme"},"_links":{"self":[{"href":"https:\/\/zjarr.tv\/sq\/wp-json\/wp\/v2\/posts\/228527","targetHints":{"allow":["GET"]}}],"collection":[{"href":"https:\/\/zjarr.tv\/sq\/wp-json\/wp\/v2\/posts"}],"about":[{"href":"https:\/\/zjarr.tv\/sq\/wp-json\/wp\/v2\/types\/post"}],"author":[{"embeddable":true,"href":"https:\/\/zjarr.tv\/sq\/wp-json\/wp\/v2\/users\/2031"}],"replies":[{"embeddable":true,"href":"https:\/\/zjarr.tv\/sq\/wp-json\/wp\/v2\/comments?post=228527"}],"version-history":[{"count":0,"href":"https:\/\/zjarr.tv\/sq\/wp-json\/wp\/v2\/posts\/228527\/revisions"}],"wp:featuredmedia":[{"embeddable":true,"href":"https:\/\/zjarr.tv\/sq\/wp-json\/wp\/v2\/media\/228528"}],"wp:attachment":[{"href":"https:\/\/zjarr.tv\/sq\/wp-json\/wp\/v2\/media?parent=228527"}],"wp:term":[{"taxonomy":"category","embeddable":true,"href":"https:\/\/zjarr.tv\/sq\/wp-json\/wp\/v2\/categories?post=228527"},{"taxonomy":"post_tag","embeddable":true,"href":"https:\/\/zjarr.tv\/sq\/wp-json\/wp\/v2\/tags?post=228527"}],"curies":[{"name":"wp","href":"https:\/\/api.w.org\/{rel}","templated":true}]}}