{"id":228531,"date":"2022-01-04T11:33:44","date_gmt":"2022-01-04T10:33:44","guid":{"rendered":"https:\/\/zjarr.tv\/?p=228531"},"modified":"2022-01-04T11:46:48","modified_gmt":"2022-01-04T10:46:48","slug":"shoh-nje-gjuhe-urrejtje-qe-i-perngjan-te-djathtes-radikale-pacolli-zbulon-perse-u-pergjigjet-komentuesve-ne-facebook","status":"publish","type":"post","link":"https:\/\/zjarr.tv\/sq\/shoh-nje-gjuhe-urrejtje-qe-i-perngjan-te-djathtes-radikale-pacolli-zbulon-perse-u-pergjigjet-komentuesve-ne-facebook\/","title":{"rendered":"Pacolli zbulon p\u00ebrse u p\u00ebrgjigjet komentuesve n\u00eb facebook"},"content":{"rendered":"<p>Kryetari i Aleanc\u00ebs Kosova e Re, Behxhet Pacolli, \u00ebsht\u00eb aktiv n\u00eb rrjete sociale, ku shpesh edhe replik\u00ebn me komentuesit. Pacolli b\u00ebn shpesh postime n\u00eb profilin e tij n\u00eb rrjetin social Facebook, dhe komentet q\u00eb merr nga qytetar\u00ebt jan\u00eb t\u00eb shumta.<\/p>\n<p>Ai nuk heziton edhe t\u00eb p\u00ebrgjigjet n\u00eb komentet e qytetar\u00ebve n\u00eb k\u00ebt\u00eb rrjet social.<\/p>\n<p>E lidhur me k\u00ebt\u00eb, Pacolli ka deklaruar se n\u00eb rrjete sociale sheh nj\u00eb gjuhe jo te pershtatshme e te qyteteruar.<\/p>\n<p>\u201cJam vet\u00eb aktiv ne rrjete sociale, tentoj t\u00eb komunikoj dhe t\u00eb bashk\u00ebbisedoj me qytetar\u00ebt. Shpesh dhe posa\u00e7\u00ebrisht n\u00eb vitet e fundit e shoh nje gjuhe q\u00eb m\u00eb p\u00ebrngjan me t\u00eb djatht\u00ebn radikale q\u00eb e shohim n\u00eb Evrop\u00eb q\u00eb k\u00ebrc\u00ebnon, tremb njer\u00ebz. Shpresoj se do t\u00eb ket\u00eb m\u00eb shum\u00eb vetdij\u00ebsim dhe p\u00ebrmir\u00ebsim t\u00eb komunikimit n\u00eb rrjete sociale\u201d, ka deklaruar Pacolli p\u00ebr SyriKosova.<\/p>\n","protected":false},"excerpt":{"rendered":"<p>Kryetari i Aleanc\u00ebs Kosova e Re, Behxhet Pacolli, \u00ebsht\u00eb aktiv n\u00eb rrjete sociale, ku shpesh edhe replik\u00ebn me komentuesit. Pacolli b\u00ebn shpesh postime n\u00eb profilin e tij n\u00eb rrjetin social Facebook, dhe komentet q\u00eb merr nga qytetar\u00ebt jan\u00eb t\u00eb shumta. Ai nuk heziton edhe t\u00eb p\u00ebrgjigjet n\u00eb komentet e qytetar\u00ebve n\u00eb k\u00ebt\u00eb rrjet social. E [&hellip;]<\/p>\n","protected":false},"author":2031,"featured_media":178577,"comment_status":"closed","ping_status":"closed","sticky":false,"template":"","format":"standard","meta":{"footnotes":""},"categories":[231],"tags":[],"class_list":{"0":"post-228531","1":"post","2":"type-post","3":"status-publish","4":"format-standard","5":"has-post-thumbnail","7":"category-lajme"},"_links":{"self":[{"href":"https:\/\/zjarr.tv\/sq\/wp-json\/wp\/v2\/posts\/228531","targetHints":{"allow":["GET"]}}],"collection":[{"href":"https:\/\/zjarr.tv\/sq\/wp-json\/wp\/v2\/posts"}],"about":[{"href":"https:\/\/zjarr.tv\/sq\/wp-json\/wp\/v2\/types\/post"}],"author":[{"embeddable":true,"href":"https:\/\/zjarr.tv\/sq\/wp-json\/wp\/v2\/users\/2031"}],"replies":[{"embeddable":true,"href":"https:\/\/zjarr.tv\/sq\/wp-json\/wp\/v2\/comments?post=228531"}],"version-history":[{"count":0,"href":"https:\/\/zjarr.tv\/sq\/wp-json\/wp\/v2\/posts\/228531\/revisions"}],"wp:featuredmedia":[{"embeddable":true,"href":"https:\/\/zjarr.tv\/sq\/wp-json\/wp\/v2\/media\/178577"}],"wp:attachment":[{"href":"https:\/\/zjarr.tv\/sq\/wp-json\/wp\/v2\/media?parent=228531"}],"wp:term":[{"taxonomy":"category","embeddable":true,"href":"https:\/\/zjarr.tv\/sq\/wp-json\/wp\/v2\/categories?post=228531"},{"taxonomy":"post_tag","embeddable":true,"href":"https:\/\/zjarr.tv\/sq\/wp-json\/wp\/v2\/tags?post=228531"}],"curies":[{"name":"wp","href":"https:\/\/api.w.org\/{rel}","templated":true}]}}