{"id":228538,"date":"2022-01-04T11:38:55","date_gmt":"2022-01-04T10:38:55","guid":{"rendered":"https:\/\/zjarr.tv\/?p=228538"},"modified":"2022-01-04T11:38:55","modified_gmt":"2022-01-04T10:38:55","slug":"ka-luajtur-rolin-e-mimoza-llastices-sot-aktorja-e-njohur-eshte-gruaja-e-prokurorit-zvicerian-dhe-merret-me-politike-ne-zvicer","status":"publish","type":"post","link":"https:\/\/zjarr.tv\/sq\/ka-luajtur-rolin-e-mimoza-llastices-sot-aktorja-e-njohur-eshte-gruaja-e-prokurorit-zvicerian-dhe-merret-me-politike-ne-zvicer\/","title":{"rendered":"Ka luajtur rolin e \u201cMimoza llastic\u00ebs\u201d, sot aktorja e njohur \u00ebsht\u00eb gruaja e prokurorit zvicerian dhe merret me politik\u00eb n\u00eb Zvic\u00ebr"},"content":{"rendered":"<p>Zhaklina Dhimojani erdhi n\u00eb Zvic\u00ebr si p\u00ebrkthyese, ku u njoh me bashk\u00ebshortin e saj t\u00eb ardhsh\u00ebm. N\u00eb atdheun e saj ajo dikur luajti n\u00eb nj\u00eb film t\u00eb famsh\u00ebm p\u00ebr f\u00ebmij\u00eb, tani ajo \u00ebsht\u00eb e p\u00ebrfshir\u00eb n\u00eb politik\u00ebn lokale, shkruajn\u00eb mediat zviceriane.<\/p>\n<p>Nj\u00eb politikan i lart\u00eb shqiptar ka mbetur i mahnitur kur ka par\u00eb foton e \u00e7iftit n\u00eb llogarin\u00eb zyrtare n\u00eb Twitter t\u00eb parlamentit zviceran. Tweet-i u postua m\u00eb 29 shtator; Prokurori Federal Stefan Bl\u00e4ttler, i cili ishte zgjedhur s\u00eb fundmi me nj\u00eb rezultat brilant, u ndihmua nga bashk\u00ebshortja e tij Zhaklina Dhimojani. \u201cSigurisht q\u00eb e njoh\u201d, thot\u00eb politikani, \u201cNe jemi rritur n\u00eb t\u00eb nj\u00ebjt\u00ebn lagje n\u00eb Tiran\u00eb dhe kemi shkuar n\u00eb t\u00eb nj\u00ebjt\u00ebn shkoll\u00eb. Kushdo q\u00eb \u00ebsht\u00eb rritur n\u00eb Shqip\u00ebrin\u00eb komuniste kujton emrin e saj, shpjegon nj\u00eb gazetare e njohur n\u00eb kryeqytetin shqiptar.<\/p>\n","protected":false},"excerpt":{"rendered":"<p>Zhaklina Dhimojani erdhi n\u00eb Zvic\u00ebr si p\u00ebrkthyese, ku u njoh me bashk\u00ebshortin e saj t\u00eb ardhsh\u00ebm. N\u00eb atdheun e saj ajo dikur luajti n\u00eb nj\u00eb film t\u00eb famsh\u00ebm p\u00ebr f\u00ebmij\u00eb, tani ajo \u00ebsht\u00eb e p\u00ebrfshir\u00eb n\u00eb politik\u00ebn lokale, shkruajn\u00eb mediat zviceriane. Nj\u00eb politikan i lart\u00eb shqiptar ka mbetur i mahnitur kur ka par\u00eb foton e [&hellip;]<\/p>\n","protected":false},"author":2031,"featured_media":228539,"comment_status":"closed","ping_status":"closed","sticky":false,"template":"","format":"standard","meta":{"footnotes":""},"categories":[337,231],"tags":[],"class_list":{"0":"post-228538","1":"post","2":"type-post","3":"status-publish","4":"format-standard","5":"has-post-thumbnail","7":"category-kulture","8":"category-lajme"},"_links":{"self":[{"href":"https:\/\/zjarr.tv\/sq\/wp-json\/wp\/v2\/posts\/228538","targetHints":{"allow":["GET"]}}],"collection":[{"href":"https:\/\/zjarr.tv\/sq\/wp-json\/wp\/v2\/posts"}],"about":[{"href":"https:\/\/zjarr.tv\/sq\/wp-json\/wp\/v2\/types\/post"}],"author":[{"embeddable":true,"href":"https:\/\/zjarr.tv\/sq\/wp-json\/wp\/v2\/users\/2031"}],"replies":[{"embeddable":true,"href":"https:\/\/zjarr.tv\/sq\/wp-json\/wp\/v2\/comments?post=228538"}],"version-history":[{"count":0,"href":"https:\/\/zjarr.tv\/sq\/wp-json\/wp\/v2\/posts\/228538\/revisions"}],"wp:featuredmedia":[{"embeddable":true,"href":"https:\/\/zjarr.tv\/sq\/wp-json\/wp\/v2\/media\/228539"}],"wp:attachment":[{"href":"https:\/\/zjarr.tv\/sq\/wp-json\/wp\/v2\/media?parent=228538"}],"wp:term":[{"taxonomy":"category","embeddable":true,"href":"https:\/\/zjarr.tv\/sq\/wp-json\/wp\/v2\/categories?post=228538"},{"taxonomy":"post_tag","embeddable":true,"href":"https:\/\/zjarr.tv\/sq\/wp-json\/wp\/v2\/tags?post=228538"}],"curies":[{"name":"wp","href":"https:\/\/api.w.org\/{rel}","templated":true}]}}