{"id":228545,"date":"2022-01-04T11:56:23","date_gmt":"2022-01-04T10:56:23","guid":{"rendered":"https:\/\/zjarr.tv\/?p=228545"},"modified":"2022-01-04T11:56:23","modified_gmt":"2022-01-04T10:56:23","slug":"jul-deda-i-shkruan-lulzim-bashes-mor-paranojak-e-ke-kthyer-pd-ne-burg-me-dyer-te-blinduara-nga-kush-po-e-ruan","status":"publish","type":"post","link":"https:\/\/zjarr.tv\/sq\/jul-deda-i-shkruan-lulzim-bashes-mor-paranojak-e-ke-kthyer-pd-ne-burg-me-dyer-te-blinduara-nga-kush-po-e-ruan\/","title":{"rendered":"Jul Deda i shkruan Lulzim Bash\u00ebs: Mor paranojak, e ke kthyer PD n\u00eb burg me dyer t\u00eb blinduara, nga kush po e ruan?!!"},"content":{"rendered":"<p>An\u00ebtari i K\u00ebshillit Komb\u00ebtar t\u00eb PD Jul Deda, i shkruan Lulzim Bash\u00ebs p\u00ebr masat q\u00eb jan\u00eb marr\u00eb dit\u00ebt e fundit n\u00eb selin\u00eb blu. Sipas raportimeve t\u00eb ndryshme, godina e PD \u00ebsht\u00eb b\u00ebr\u00eb me dyer t\u00eb blinduara dhe me kangjella hekuri n\u00eb pjes\u00ebn e brendshme, si dhe xhamat jan\u00eb veshur me adeziv.<\/p>\n<p>\u201cNga kush po e ruan mor paranojak, nga demokratet? Ata nuk kane asgje me shtepine e tyre, ata thjesht nuk te duan ty. Turp e faqja e zeze\u201d, shkruan nd\u00ebr t\u00eb tjera Jul Deda. Si\u00e7 shihet dhe nga fotot, xhamat transparent t\u00eb selis\u00eb jan\u00eb veshur me adeziv blu dhe pas tyre thuhet se jan\u00eb vendosur kangjella hekuri.<\/p>\n<p>\u00c7a i ke bere shtepise se demokrateve mor Lul brava, si e katandise keshtu? E rrethove me dyer te blinduara, e mbushe me kamera sugurie, mbulove xhamat me adezive per ti fshehur medias ate qe ndodh brenda, madje edhe deren e oborrit e kishe mbyllur me shul.<\/p>\n<p>E ke kthyer ne burg te bunkerizuar. Po pse? Nga kush po e ruan mor paranojak, nga demokratet? Ata nuk kane asgje me shtepine e tyre, ata thjesht nuk te duan ty. Turp e faqja e zeze\u201d, shkruan Jul Deda, an\u00ebtar i K\u00ebshillit Komb\u00ebtar t\u00eb Partis\u00eb Demokratike.<\/p>\n","protected":false},"excerpt":{"rendered":"<p>An\u00ebtari i K\u00ebshillit Komb\u00ebtar t\u00eb PD Jul Deda, i shkruan Lulzim Bash\u00ebs p\u00ebr masat q\u00eb jan\u00eb marr\u00eb dit\u00ebt e fundit n\u00eb selin\u00eb blu. Sipas raportimeve t\u00eb ndryshme, godina e PD \u00ebsht\u00eb b\u00ebr\u00eb me dyer t\u00eb blinduara dhe me kangjella hekuri n\u00eb pjes\u00ebn e brendshme, si dhe xhamat jan\u00eb veshur me adeziv. \u201cNga kush po e [&hellip;]<\/p>\n","protected":false},"author":2031,"featured_media":228546,"comment_status":"closed","ping_status":"closed","sticky":false,"template":"","format":"standard","meta":{"footnotes":""},"categories":[231],"tags":[],"class_list":{"0":"post-228545","1":"post","2":"type-post","3":"status-publish","4":"format-standard","5":"has-post-thumbnail","7":"category-lajme"},"_links":{"self":[{"href":"https:\/\/zjarr.tv\/sq\/wp-json\/wp\/v2\/posts\/228545","targetHints":{"allow":["GET"]}}],"collection":[{"href":"https:\/\/zjarr.tv\/sq\/wp-json\/wp\/v2\/posts"}],"about":[{"href":"https:\/\/zjarr.tv\/sq\/wp-json\/wp\/v2\/types\/post"}],"author":[{"embeddable":true,"href":"https:\/\/zjarr.tv\/sq\/wp-json\/wp\/v2\/users\/2031"}],"replies":[{"embeddable":true,"href":"https:\/\/zjarr.tv\/sq\/wp-json\/wp\/v2\/comments?post=228545"}],"version-history":[{"count":0,"href":"https:\/\/zjarr.tv\/sq\/wp-json\/wp\/v2\/posts\/228545\/revisions"}],"wp:featuredmedia":[{"embeddable":true,"href":"https:\/\/zjarr.tv\/sq\/wp-json\/wp\/v2\/media\/228546"}],"wp:attachment":[{"href":"https:\/\/zjarr.tv\/sq\/wp-json\/wp\/v2\/media?parent=228545"}],"wp:term":[{"taxonomy":"category","embeddable":true,"href":"https:\/\/zjarr.tv\/sq\/wp-json\/wp\/v2\/categories?post=228545"},{"taxonomy":"post_tag","embeddable":true,"href":"https:\/\/zjarr.tv\/sq\/wp-json\/wp\/v2\/tags?post=228545"}],"curies":[{"name":"wp","href":"https:\/\/api.w.org\/{rel}","templated":true}]}}