{"id":228698,"date":"2022-01-05T12:26:31","date_gmt":"2022-01-05T11:26:31","guid":{"rendered":"https:\/\/zjarr.tv\/?p=228698"},"modified":"2022-01-05T12:26:31","modified_gmt":"2022-01-05T11:26:31","slug":"provokimi-i-ambasadorit-serb-krenar-per-bashkekombasen-tone-dua-lipa-bombardohet-me-komente-eshte-shqiptare-autoktone","status":"publish","type":"post","link":"https:\/\/zjarr.tv\/sq\/provokimi-i-ambasadorit-serb-krenar-per-bashkekombasen-tone-dua-lipa-bombardohet-me-komente-eshte-shqiptare-autoktone\/","title":{"rendered":"Provokimi i ambasadorit serb: Krenar p\u00ebr bashk\u00ebkombasen ton\u00eb Dua Lipa! \u201cBombardohet\u201d me komente: \u00cbsht\u00eb shqiptare AUTOKTONE"},"content":{"rendered":"<p>Marko Gjuri\u00e7, ambasadori i Serbis\u00eb n\u00eb SHBA ka b\u00ebr\u00eb nj\u00eb postim provokues n\u00eb Twitter q\u00eb ka ngjallur reagime t\u00eb shumta. Ai ka th\u00ebn\u00eb se n\u00eb Beograd jan\u00eb krenar p\u00ebr bashk\u00ebkombasen e tyre Dua Lipa, duke e b\u00ebr\u00eb k\u00ebng\u00ebtaren shqiptare me origjin\u00eb serbe.<\/p>\n<p>\u201cDuke l\u00ebn\u00eb komentet e urrejtjes anash, jam shum\u00eb krenar p\u00ebr bashk\u00ebkomb\u00ebsen ton\u00eb t\u00eb dashur Dua Lipa edhe pse ajo mund t\u00eb mendoj\u00eb ndryshe p\u00ebr \u00e7\u00ebshtjet politike\u201d, shkruan Gjuri\u00e7 gjat\u00eb nj\u00eb replike me ish-ambasadoren e Kosov\u00ebs n\u00eb SHBA, Vlora \u00c7itaku.<\/p>\n<p>Nj\u00eb provokim ky i hapur i ambasadorit serb, por q\u00eb komentuesit nuk ja kan\u00eb kursyer p\u00ebrgjigjen. Ata i thon\u00eb se ajo \u00ebsht\u00eb shqiptare dhe me foto i kan\u00eb d\u00ebrguar nj\u00eb sh\u00ebnim t\u00eb Duas me hart\u00ebn e Shqip\u00ebris\u00eb s\u00eb Madhe, ku thuhet se shqiptar\u00ebt jan\u00eb autokton\u00eb n\u00eb Ballkan.<\/p>\n","protected":false},"excerpt":{"rendered":"<p>Marko Gjuri\u00e7, ambasadori i Serbis\u00eb n\u00eb SHBA ka b\u00ebr\u00eb nj\u00eb postim provokues n\u00eb Twitter q\u00eb ka ngjallur reagime t\u00eb shumta. Ai ka th\u00ebn\u00eb se n\u00eb Beograd jan\u00eb krenar p\u00ebr bashk\u00ebkombasen e tyre Dua Lipa, duke e b\u00ebr\u00eb k\u00ebng\u00ebtaren shqiptare me origjin\u00eb serbe. \u201cDuke l\u00ebn\u00eb komentet e urrejtjes anash, jam shum\u00eb krenar p\u00ebr bashk\u00ebkomb\u00ebsen ton\u00eb t\u00eb [&hellip;]<\/p>\n","protected":false},"author":2031,"featured_media":228699,"comment_status":"closed","ping_status":"closed","sticky":false,"template":"","format":"standard","meta":{"footnotes":""},"categories":[231],"tags":[],"class_list":{"0":"post-228698","1":"post","2":"type-post","3":"status-publish","4":"format-standard","5":"has-post-thumbnail","7":"category-lajme"},"_links":{"self":[{"href":"https:\/\/zjarr.tv\/sq\/wp-json\/wp\/v2\/posts\/228698","targetHints":{"allow":["GET"]}}],"collection":[{"href":"https:\/\/zjarr.tv\/sq\/wp-json\/wp\/v2\/posts"}],"about":[{"href":"https:\/\/zjarr.tv\/sq\/wp-json\/wp\/v2\/types\/post"}],"author":[{"embeddable":true,"href":"https:\/\/zjarr.tv\/sq\/wp-json\/wp\/v2\/users\/2031"}],"replies":[{"embeddable":true,"href":"https:\/\/zjarr.tv\/sq\/wp-json\/wp\/v2\/comments?post=228698"}],"version-history":[{"count":0,"href":"https:\/\/zjarr.tv\/sq\/wp-json\/wp\/v2\/posts\/228698\/revisions"}],"wp:featuredmedia":[{"embeddable":true,"href":"https:\/\/zjarr.tv\/sq\/wp-json\/wp\/v2\/media\/228699"}],"wp:attachment":[{"href":"https:\/\/zjarr.tv\/sq\/wp-json\/wp\/v2\/media?parent=228698"}],"wp:term":[{"taxonomy":"category","embeddable":true,"href":"https:\/\/zjarr.tv\/sq\/wp-json\/wp\/v2\/categories?post=228698"},{"taxonomy":"post_tag","embeddable":true,"href":"https:\/\/zjarr.tv\/sq\/wp-json\/wp\/v2\/tags?post=228698"}],"curies":[{"name":"wp","href":"https:\/\/api.w.org\/{rel}","templated":true}]}}