{"id":228703,"date":"2022-01-05T12:34:08","date_gmt":"2022-01-05T11:34:08","guid":{"rendered":"https:\/\/zjarr.tv\/?p=228703"},"modified":"2022-01-05T12:34:08","modified_gmt":"2022-01-05T11:34:08","slug":"jorida-tabaku-shkon-ne-seli-dera-e-bashes-nuk-hapet-dhe-detyrohet-te-futet-nga-mbrapa","status":"publish","type":"post","link":"https:\/\/zjarr.tv\/sq\/jorida-tabaku-shkon-ne-seli-dera-e-bashes-nuk-hapet-dhe-detyrohet-te-futet-nga-mbrapa\/","title":{"rendered":"Jorida Tabaku shkon n\u00eb seli, dera e Bash\u00ebs nuk hapet dhe detyrohet t\u00eb futet nga mbrapa"},"content":{"rendered":"<p>Selia e PD prej dy dit\u00ebsh i \u00ebsht\u00eb n\u00ebnshtruar nj\u00eb procesi rinovimi dhe \u201cfortifikimi\u201d. Aktor\u00eb t\u00eb ndrysh\u00ebm n\u00eb media dhe an\u00ebtar\u00eb t\u00eb Grupit t\u00eb Rithemelimit jan\u00eb shprehur se Lulzim Basha ka vendosur kangjella hekuri n\u00eb ambientet e brendshme t\u00eb selis\u00eb dhe dyer t\u00eb blinduara.<\/p>\n<p>Madje, edhe dyert e jashtme nuk jan\u00eb m\u00eb t\u00eb tejdukshme pasi jan\u00eb veshur me adeziv q\u00eb t\u00eb mos duken ambientet brenda.<\/p>\n<p>I vetmi q\u00eb mund t\u00eb futet nga dera kryesore e PD \u00ebsht\u00eb kryetari aktual Lulzim Basha. Dje dhe sot ai \u00ebsht\u00eb futur n\u00eb godin\u00eb, nd\u00ebrsa deputet\u00ebt e tjer\u00eb, madje dhe n\u00ebnkryetar\u00ebt e partis\u00eb nuk mund t\u00eb futen. K\u00ebt\u00eb \u201cgabim\u201d e ka b\u00ebr\u00eb sot Jorida Tabaku.<\/p>\n<p>N\u00ebnkryetarja e PD ka shkuar para selis\u00eb dhe ka pritur disa momente para der\u00ebs kryesore, por ajo nuk \u00ebsht\u00eb hapur. Pas nj\u00eb bisede t\u00eb shkurt\u00ebr me operator\u00ebt e mediave q\u00eb po e filmonin, Tabaku ka b\u00ebr\u00eb nj\u00eb telefonat\u00eb dhe ka hyr\u00eb nga dera e pasme.<\/p>\n","protected":false},"excerpt":{"rendered":"<p>Selia e PD prej dy dit\u00ebsh i \u00ebsht\u00eb n\u00ebnshtruar nj\u00eb procesi rinovimi dhe \u201cfortifikimi\u201d. Aktor\u00eb t\u00eb ndrysh\u00ebm n\u00eb media dhe an\u00ebtar\u00eb t\u00eb Grupit t\u00eb Rithemelimit jan\u00eb shprehur se Lulzim Basha ka vendosur kangjella hekuri n\u00eb ambientet e brendshme t\u00eb selis\u00eb dhe dyer t\u00eb blinduara. Madje, edhe dyert e jashtme nuk jan\u00eb m\u00eb t\u00eb tejdukshme pasi [&hellip;]<\/p>\n","protected":false},"author":2031,"featured_media":228704,"comment_status":"closed","ping_status":"closed","sticky":false,"template":"","format":"standard","meta":{"footnotes":""},"categories":[231],"tags":[],"class_list":{"0":"post-228703","1":"post","2":"type-post","3":"status-publish","4":"format-standard","5":"has-post-thumbnail","7":"category-lajme"},"_links":{"self":[{"href":"https:\/\/zjarr.tv\/sq\/wp-json\/wp\/v2\/posts\/228703","targetHints":{"allow":["GET"]}}],"collection":[{"href":"https:\/\/zjarr.tv\/sq\/wp-json\/wp\/v2\/posts"}],"about":[{"href":"https:\/\/zjarr.tv\/sq\/wp-json\/wp\/v2\/types\/post"}],"author":[{"embeddable":true,"href":"https:\/\/zjarr.tv\/sq\/wp-json\/wp\/v2\/users\/2031"}],"replies":[{"embeddable":true,"href":"https:\/\/zjarr.tv\/sq\/wp-json\/wp\/v2\/comments?post=228703"}],"version-history":[{"count":0,"href":"https:\/\/zjarr.tv\/sq\/wp-json\/wp\/v2\/posts\/228703\/revisions"}],"wp:featuredmedia":[{"embeddable":true,"href":"https:\/\/zjarr.tv\/sq\/wp-json\/wp\/v2\/media\/228704"}],"wp:attachment":[{"href":"https:\/\/zjarr.tv\/sq\/wp-json\/wp\/v2\/media?parent=228703"}],"wp:term":[{"taxonomy":"category","embeddable":true,"href":"https:\/\/zjarr.tv\/sq\/wp-json\/wp\/v2\/categories?post=228703"},{"taxonomy":"post_tag","embeddable":true,"href":"https:\/\/zjarr.tv\/sq\/wp-json\/wp\/v2\/tags?post=228703"}],"curies":[{"name":"wp","href":"https:\/\/api.w.org\/{rel}","templated":true}]}}