{"id":228707,"date":"2022-01-05T13:04:36","date_gmt":"2022-01-05T12:04:36","guid":{"rendered":"https:\/\/zjarr.tv\/?p=228707"},"modified":"2022-01-05T13:04:36","modified_gmt":"2022-01-05T12:04:36","slug":"spartak-ngjela-shperthen-ndaj-rames-ky-piktor-me-benevreke-po-lodhet-kot-qe-te-mbaje-saliun-te-dy-jane-trembur-nga-basha-te-cilin-politika-amerikane-po-kerkon-ta-fuqizoje","status":"publish","type":"post","link":"https:\/\/zjarr.tv\/sq\/spartak-ngjela-shperthen-ndaj-rames-ky-piktor-me-benevreke-po-lodhet-kot-qe-te-mbaje-saliun-te-dy-jane-trembur-nga-basha-te-cilin-politika-amerikane-po-kerkon-ta-fuqizoje\/","title":{"rendered":"Spartak Ngjela shp\u00ebrthen ndaj Ram\u00ebs: Ky piktor me benevrek\u00eb po lodhet kot q\u00eb t\u00eb mbaj\u00eb Saliun, t\u00eb dy jan\u00eb trembur nga Basha, t\u00eb cilin politika amerikane po k\u00ebrkon ta fuqizoj\u00eb"},"content":{"rendered":"<p>Avokat Spartak Ngjela, ka akuzuar kryeministrin Rama, se po mban krahun e Sali Berish\u00ebs n\u00eb p\u00ebrplasjen e k\u00ebtij t\u00eb fundit me kryedemokratin Lulzim Basha. Sipas tij, Rama dhe Berisha kan\u00eb frik\u00eb nga Basha, pasi politika amerikane po k\u00ebrkon q\u00eb t\u00eb forcoj\u00eb kryedemokratin.<\/p>\n<p>Ngjela thot\u00eb se \u201ckjo p\u00ebrb\u00ebn n\u00eb vetvete fillimin e koh\u00ebs s\u00eb re: Shqip\u00ebria, pa Ram\u00ebn dhe pa Saliun\u201d.<\/p>\n<p>Reagimi i Ngjel\u00ebs:<\/p>\n<p>\u201cRam\u00eb ziu po lodhet kot q\u00eb t\u00eb mbaj\u00eb Saliun. Rama po nxjerr njer\u00ebzit e tij p\u00ebr t\u00eb shpjeguar forc\u00ebn e Bash\u00ebs, sepse don t\u00eb v\u00ebrtetoj\u00eb tez\u00ebn e Saliut q\u00eb Basha \u00ebsht\u00eb me Ram\u00ebn. (!) Si nuk kuptoi nj\u00eb her\u00eb nga politika ky piktor me benevrek\u00eb? Po forca e Bash\u00ebs \u00ebsht\u00eb te Uashingtoni, ku hyn Saliu k\u00ebtu?<\/p>\n<p>T\u00eb dy jan\u00eb t\u00eb trembur nga Basha: edhe Rama edhe Saliu, sepse politika amerikane po k\u00ebrkon t\u00eb fuqizoj\u00eb Bash\u00ebn. N\u00eb fakt, kjo p\u00ebrb\u00ebn n\u00eb vetvete fillimin e koh\u00ebs s\u00eb re: Shqip\u00ebria, pa Ram\u00ebn dhe pa Saliun. Por, kjo do t\u00eb varet nga qart\u00ebsia e Bash\u00ebs:<\/p>\n<p>A do t\u00eb dij\u00eb Basha t\u00eb organizohet dhe t\u00eb drejtoj\u00eb sipas forc\u00ebs dhe me forc\u00ebn e politik\u00ebs amerikane, e cila po e p\u00ebrkrah. K\u00ebt\u00eb muaj do t\u00eb duket\u2026\u201d, shkruan Ngjela.<\/p>\n","protected":false},"excerpt":{"rendered":"<p>Avokat Spartak Ngjela, ka akuzuar kryeministrin Rama, se po mban krahun e Sali Berish\u00ebs n\u00eb p\u00ebrplasjen e k\u00ebtij t\u00eb fundit me kryedemokratin Lulzim Basha. Sipas tij, Rama dhe Berisha kan\u00eb frik\u00eb nga Basha, pasi politika amerikane po k\u00ebrkon q\u00eb t\u00eb forcoj\u00eb kryedemokratin. Ngjela thot\u00eb se \u201ckjo p\u00ebrb\u00ebn n\u00eb vetvete fillimin e koh\u00ebs s\u00eb re: Shqip\u00ebria, [&hellip;]<\/p>\n","protected":false},"author":2030,"featured_media":178567,"comment_status":"closed","ping_status":"closed","sticky":false,"template":"","format":"standard","meta":{"footnotes":""},"categories":[241,3366,5380,231,1454],"tags":[],"class_list":{"0":"post-228707","1":"post","2":"type-post","3":"status-publish","4":"format-standard","5":"has-post-thumbnail","7":"category-aktualitet","8":"category-koment","9":"category-kryesore","10":"category-lajme","11":"category-politike"},"_links":{"self":[{"href":"https:\/\/zjarr.tv\/sq\/wp-json\/wp\/v2\/posts\/228707","targetHints":{"allow":["GET"]}}],"collection":[{"href":"https:\/\/zjarr.tv\/sq\/wp-json\/wp\/v2\/posts"}],"about":[{"href":"https:\/\/zjarr.tv\/sq\/wp-json\/wp\/v2\/types\/post"}],"author":[{"embeddable":true,"href":"https:\/\/zjarr.tv\/sq\/wp-json\/wp\/v2\/users\/2030"}],"replies":[{"embeddable":true,"href":"https:\/\/zjarr.tv\/sq\/wp-json\/wp\/v2\/comments?post=228707"}],"version-history":[{"count":0,"href":"https:\/\/zjarr.tv\/sq\/wp-json\/wp\/v2\/posts\/228707\/revisions"}],"wp:featuredmedia":[{"embeddable":true,"href":"https:\/\/zjarr.tv\/sq\/wp-json\/wp\/v2\/media\/178567"}],"wp:attachment":[{"href":"https:\/\/zjarr.tv\/sq\/wp-json\/wp\/v2\/media?parent=228707"}],"wp:term":[{"taxonomy":"category","embeddable":true,"href":"https:\/\/zjarr.tv\/sq\/wp-json\/wp\/v2\/categories?post=228707"},{"taxonomy":"post_tag","embeddable":true,"href":"https:\/\/zjarr.tv\/sq\/wp-json\/wp\/v2\/tags?post=228707"}],"curies":[{"name":"wp","href":"https:\/\/api.w.org\/{rel}","templated":true}]}}