{"id":228710,"date":"2022-01-05T13:06:29","date_gmt":"2022-01-05T12:06:29","guid":{"rendered":"https:\/\/zjarr.tv\/?p=228710"},"modified":"2022-01-05T13:06:29","modified_gmt":"2022-01-05T12:06:29","slug":"frrok-cupi-arrestimi-i-berishes-eshte-ceshtje-kohe","status":"publish","type":"post","link":"https:\/\/zjarr.tv\/sq\/frrok-cupi-arrestimi-i-berishes-eshte-ceshtje-kohe\/","title":{"rendered":"Frrok \u00c7upi: Arrestimi i Berish\u00ebs \u00ebsht\u00eb \u00e7\u00ebshtje kohe"},"content":{"rendered":"<p>Analisti dhe gazetarin Frrok \u00c7upi, n\u00eb nj\u00eb dalje televizive ka komentuar situat\u00ebn politike n\u00eb vend kryesisht brenda Partis\u00eb Demokratike. \u00c7upi u shpreh se ish-kryeministri Sali Berisha \u00ebsht\u00eb nj\u00eb figur\u00eb, e cila ka dal\u00eb t\u00ebr\u00ebsisht jasht\u00eb koh\u00ebs. Ai tha se ish-kryeministri nuk \u00ebsht\u00eb nj\u00eb faktor politik por nj\u00eb bust i t\u00eb shkuar\u00ebs. Sipas tij, fundi dhe rr\u00ebnimi i mitit t\u00eb Berish\u00ebs ka ardhur.<\/p>\n<p>\u201cBerisha \u00ebsht\u00eb t\u00ebr\u00ebsisht jasht\u00eb kohe, jasht\u00eb koh\u00ebs s\u00eb diktaturave dhe t\u00eb dhun\u00ebs dhe k\u00ebta b\u00ebjn\u00eb mit, b\u00ebjn\u00eb zhurma t\u00eb m\u00ebdha, ngjallin frik\u00eb dhe nd\u00ebrkoh\u00eb ngren\u00eb bustin e tyre. Mendoj se ky \u00ebsht\u00eb dhe fundi i mitit t\u00eb Berish\u00ebs dhe drejt\u00ebsia ka b\u00ebr\u00eb nj\u00eb akt, q\u00eb i vjen p\u00ebr shtat rr\u00ebnimit t\u00eb Berish\u00ebs, duke e l\u00ebn\u00eb jasht\u00eb prokuroris\u00eb. Mjer\u00eb diktator\u00ebt q\u00eb tentojn\u00eb t\u00eb nd\u00ebrtojn\u00eb bustin e tyre sa koh\u00eb jan\u00eb gjall\u00eb\u201d, tha \u00c7upi.<\/p>\n<p>Nga ana tjet\u00ebr \u00c7upi ka komentuar edhe deklaratat e tij p\u00ebr arrestimin e Berish\u00ebs. Ai u shpreh se i q\u00ebndron ende deklaratave t\u00eb tij dhe se arrestimi i ish-kryeministrit \u00ebsht\u00eb thjesht nj\u00eb \u00e7\u00ebshtje kohe. Ai solli n\u00eb kujtes\u00eb nj\u00eb intervist\u00eb t\u00eb ish-kryeministrit, ku gazetari ia b\u00ebn me dije se ka nj\u00eb urdh\u00ebr arresti p\u00ebr t\u00eb, nd\u00ebrsa Berisha nuk reagon me habi pasi ka dijeni p\u00ebr di\u00e7ka t\u00eb till\u00eb. \u00c7upi tha se dihet q\u00eb ka nj\u00eb urdh\u00ebr arresti p\u00ebr kryeministrin, teksa shtoi se shum\u00eb shpejt do t\u00eb nis\u00eb pastrimi i politik\u00ebs shqiptare nga atmosfera e krimit.<\/p>\n<p>\u201cP\u00ebr fat, profesioni kaq vite m\u00eb ka b\u00ebr\u00eb t\u00eb mos them deklarata t\u00eb pav\u00ebrteta, dhe kjo p\u00ebr arrestimin e Berish\u00ebs i reziston koh\u00ebs. DASH kishte dor\u00ebzuar dosjen n\u00eb SPAK, po ju citoj \u201cFrench capital podcast\u201d q\u00eb i tha n\u00eb intervist\u00ebn me Berish\u00ebn q\u00eb \u00ebsht\u00eb dh\u00ebn\u00eb nj\u00eb urdh\u00ebr arrestimi dhe ju prap\u00eb jeni i lir\u00eb. E di i tha ai. Nuk ishte i habitur. Shum\u00eb shpejt, ne p\u00ebr fat t\u00eb mir\u00eb do t\u00eb kemi nj\u00eb pastrim t\u00eb atmosfer\u00ebs nga krimi. Kjo q\u00eb po ndodh, \u00ebsht\u00eb ajo q\u00eb shqiptar\u00ebt e kan\u00eb par\u00eb q\u00eb drejt\u00ebsia \u00ebsht\u00eb e korruptuar dhe e lidhur me krimin. Fakti q\u00eb SHBA dhe BE bashk\u00eb me nj\u00eb pjes\u00eb t\u00eb politik\u00ebs son\u00eb nis\u00ebn reform\u00ebn me drejt\u00ebsi, dhe sot e k\u00ebsaj dite ende SPAK tenton ti largohet veprave v\u00ebrtet t\u00eb k\u00ebrkueshme, kjo d\u00ebshmon se frika ishte n\u00eb palc\u00eb\u201d, \u00ebsht\u00eb shprehur analisti.<\/p>\n","protected":false},"excerpt":{"rendered":"<p>Analisti dhe gazetarin Frrok \u00c7upi, n\u00eb nj\u00eb dalje televizive ka komentuar situat\u00ebn politike n\u00eb vend kryesisht brenda Partis\u00eb Demokratike. \u00c7upi u shpreh se ish-kryeministri Sali Berisha \u00ebsht\u00eb nj\u00eb figur\u00eb, e cila ka dal\u00eb t\u00ebr\u00ebsisht jasht\u00eb koh\u00ebs. Ai tha se ish-kryeministri nuk \u00ebsht\u00eb nj\u00eb faktor politik por nj\u00eb bust i t\u00eb shkuar\u00ebs. Sipas tij, fundi dhe [&hellip;]<\/p>\n","protected":false},"author":2030,"featured_media":181277,"comment_status":"closed","ping_status":"closed","sticky":false,"template":"","format":"standard","meta":{"footnotes":""},"categories":[241,3366,231,1454],"tags":[],"class_list":{"0":"post-228710","1":"post","2":"type-post","3":"status-publish","4":"format-standard","5":"has-post-thumbnail","7":"category-aktualitet","8":"category-koment","9":"category-lajme","10":"category-politike"},"_links":{"self":[{"href":"https:\/\/zjarr.tv\/sq\/wp-json\/wp\/v2\/posts\/228710","targetHints":{"allow":["GET"]}}],"collection":[{"href":"https:\/\/zjarr.tv\/sq\/wp-json\/wp\/v2\/posts"}],"about":[{"href":"https:\/\/zjarr.tv\/sq\/wp-json\/wp\/v2\/types\/post"}],"author":[{"embeddable":true,"href":"https:\/\/zjarr.tv\/sq\/wp-json\/wp\/v2\/users\/2030"}],"replies":[{"embeddable":true,"href":"https:\/\/zjarr.tv\/sq\/wp-json\/wp\/v2\/comments?post=228710"}],"version-history":[{"count":0,"href":"https:\/\/zjarr.tv\/sq\/wp-json\/wp\/v2\/posts\/228710\/revisions"}],"wp:featuredmedia":[{"embeddable":true,"href":"https:\/\/zjarr.tv\/sq\/wp-json\/wp\/v2\/media\/181277"}],"wp:attachment":[{"href":"https:\/\/zjarr.tv\/sq\/wp-json\/wp\/v2\/media?parent=228710"}],"wp:term":[{"taxonomy":"category","embeddable":true,"href":"https:\/\/zjarr.tv\/sq\/wp-json\/wp\/v2\/categories?post=228710"},{"taxonomy":"post_tag","embeddable":true,"href":"https:\/\/zjarr.tv\/sq\/wp-json\/wp\/v2\/tags?post=228710"}],"curies":[{"name":"wp","href":"https:\/\/api.w.org\/{rel}","templated":true}]}}