{"id":228967,"date":"2022-01-06T22:56:39","date_gmt":"2022-01-06T21:56:39","guid":{"rendered":"https:\/\/zjarr.tv\/?p=228967"},"modified":"2022-01-06T22:56:39","modified_gmt":"2022-01-06T21:56:39","slug":"ilir-shaqiri-u-kritikua-se-puthi-vajzen-ne-buze-emily-jep-nje-pergjigje-per-te-gjithe-nga-italia","status":"publish","type":"post","link":"https:\/\/zjarr.tv\/sq\/ilir-shaqiri-u-kritikua-se-puthi-vajzen-ne-buze-emily-jep-nje-pergjigje-per-te-gjithe-nga-italia\/","title":{"rendered":"Ilir Shaqiri u kritikua se puthi vajz\u00ebn n\u00eb buz\u00eb, Emily jep nj\u00eb p\u00ebrgjigje p\u00ebr t\u00eb gjith\u00eb nga Italia"},"content":{"rendered":"<p>Prej disa dit\u00ebsh, momenti kur balerini Ilir Shaqiri puth t\u00eb bij\u00ebn po b\u00ebn xhiron e rrjetit. Kishte nga ata q\u00eb e komentuan si nj\u00eb veprim t\u00eb ul\u00ebt dhe kishte nga ata q\u00eb e konsideruan krejt t\u00eb zakonsh\u00ebm p\u00ebr nj\u00eb marr\u00ebdh\u00ebnie bab e bir.<\/p>\n<p>N\u00eb nj\u00eb lidhje Skype me emisionin \u201cShqip\u00ebria Live\u201d, vajza e Ilirit, Emily komentoi takimin q\u00eb pati me baban\u00eb e saj dhe i dha p\u00ebrgjigje t\u00eb gjith\u00eb z\u00ebrave.<\/p>\n<p>\u201cKam kat\u00ebr muaj q\u00eb nuk shoh baban\u00eb, \u00ebsht\u00eb nj\u00eb raport i fort\u00eb dhe nuk shoh asgj\u00eb t\u00eb keqe. Ka nj\u00eb milion gj\u00ebra q\u00eb mund t\u00eb shikosh gabime, por jo k\u00ebtu. \u00cbsht\u00eb nj\u00eb vajz\u00eb q\u00eb ka 4 muaj q\u00eb nuk shikon t\u00eb atin dhe e kund\u00ebrta\u201d, u shpreh ajo.\/abcnews.al<\/p>\n","protected":false},"excerpt":{"rendered":"<p>Prej disa dit\u00ebsh, momenti kur balerini Ilir Shaqiri puth t\u00eb bij\u00ebn po b\u00ebn xhiron e rrjetit. Kishte nga ata q\u00eb e komentuan si nj\u00eb veprim t\u00eb ul\u00ebt dhe kishte nga ata q\u00eb e konsideruan krejt t\u00eb zakonsh\u00ebm p\u00ebr nj\u00eb marr\u00ebdh\u00ebnie bab e bir. N\u00eb nj\u00eb lidhje Skype me emisionin \u201cShqip\u00ebria Live\u201d, vajza e Ilirit, Emily [&hellip;]<\/p>\n","protected":false},"author":2031,"featured_media":228968,"comment_status":"closed","ping_status":"closed","sticky":false,"template":"","format":"standard","meta":{"footnotes":""},"categories":[231],"tags":[],"class_list":{"0":"post-228967","1":"post","2":"type-post","3":"status-publish","4":"format-standard","5":"has-post-thumbnail","7":"category-lajme"},"_links":{"self":[{"href":"https:\/\/zjarr.tv\/sq\/wp-json\/wp\/v2\/posts\/228967","targetHints":{"allow":["GET"]}}],"collection":[{"href":"https:\/\/zjarr.tv\/sq\/wp-json\/wp\/v2\/posts"}],"about":[{"href":"https:\/\/zjarr.tv\/sq\/wp-json\/wp\/v2\/types\/post"}],"author":[{"embeddable":true,"href":"https:\/\/zjarr.tv\/sq\/wp-json\/wp\/v2\/users\/2031"}],"replies":[{"embeddable":true,"href":"https:\/\/zjarr.tv\/sq\/wp-json\/wp\/v2\/comments?post=228967"}],"version-history":[{"count":0,"href":"https:\/\/zjarr.tv\/sq\/wp-json\/wp\/v2\/posts\/228967\/revisions"}],"wp:featuredmedia":[{"embeddable":true,"href":"https:\/\/zjarr.tv\/sq\/wp-json\/wp\/v2\/media\/228968"}],"wp:attachment":[{"href":"https:\/\/zjarr.tv\/sq\/wp-json\/wp\/v2\/media?parent=228967"}],"wp:term":[{"taxonomy":"category","embeddable":true,"href":"https:\/\/zjarr.tv\/sq\/wp-json\/wp\/v2\/categories?post=228967"},{"taxonomy":"post_tag","embeddable":true,"href":"https:\/\/zjarr.tv\/sq\/wp-json\/wp\/v2\/tags?post=228967"}],"curies":[{"name":"wp","href":"https:\/\/api.w.org\/{rel}","templated":true}]}}