{"id":228996,"date":"2022-01-07T08:16:04","date_gmt":"2022-01-07T07:16:04","guid":{"rendered":"https:\/\/zjarr.tv\/?p=228996"},"modified":"2022-01-07T08:16:04","modified_gmt":"2022-01-07T07:16:04","slug":"biznesmeni-myftar-lumeshi-i-pergjigjet-bashes-kemi-qene-miq-gruan-ia-kam-konsideruar-si-moter-se-si-kaloi-ne-kete-pike","status":"publish","type":"post","link":"https:\/\/zjarr.tv\/sq\/biznesmeni-myftar-lumeshi-i-pergjigjet-bashes-kemi-qene-miq-gruan-ia-kam-konsideruar-si-moter-se-si-kaloi-ne-kete-pike\/","title":{"rendered":"Biznesmeni Myftar Lumeshi i p\u00ebrgjigjet Bash\u00ebs: Kemi qen\u00eb miq, gruan ia kam konsideruar si mot\u00ebr! Se si kaloi n\u00eb k\u00ebt\u00eb pik\u00eb\u2026"},"content":{"rendered":"<p>Biznesmeni Myftar Lumeshi, ka folur n\u00eb nj\u00eb lidhje direkte p\u00ebr emisionin \u201cT\u00eb Paekspozuarit\u201d n\u00eb MCN TV, pas akuzave t\u00eb r\u00ebnda t\u00eb drejtuara ndaj tij, nga Gazment Bardhi, i besuari i Lulzim Bash\u00ebs.<\/p>\n<p>Lumeshi tha se nuk i kupton k\u00ebto akuza dhe shpifje ndaj tij, sepse Bash\u00ebn e ka patur mik familje dhe e ka ndihmuar n\u00eb dit\u00ebt m\u00eb t\u00eb k\u00ebqija.<\/p>\n<p>Pjes\u00eb nga biseda: <\/p>\n<p>Myftar Lumeshi: Ashtu si ju un\u00eb u habita fare me k\u00ebt\u00eb B9, avion, pije energjike? Habitem nga k\u00ebto shpifje dhe sajesa q\u00eb kan\u00eb b\u00ebr\u00eb k\u00ebto dit\u00eb, Gaz Bardhi dhe televizioni ABC, q\u00eb than\u00eb e kemi nga PD.<\/p>\n<p>Ylli Rakipi: Ju jeni njeri q\u00eb njiheni si mik i af\u00ebrt I Lulzim Bash\u00ebs, madje edhe sponsor i tij. Si t\u00eb quan sot kriminel?<\/p>\n<p>Myftar Lumeshi: Q\u00eb n\u00eb vitet 90 jam demokrat i lidhur me PD-n\u00eb. Kam marr\u00eb pjes\u00eb n\u00eb t\u00eb gjith\u00eb fushatat, eventet, dit\u00ebt m\u00eb t\u00eb v\u00ebshtira t\u00eb PD kur i ka patur. Edhe n\u00eb koh\u00ebn e zotit Basha edhe n\u00eb koh\u00ebn e Berish\u00ebs, kam qen\u00eb aty. U habita fare p\u00ebr k\u00ebto, se zotin Basha e kam patur mik.<\/p>\n<p>Ylli Rakipi: Po sponsorizim cfar\u00eb i keni b\u00ebr\u00eb?<\/p>\n<p>Myftar Lumeshi: Sic kan\u00eb b\u00ebr\u00eb gjith\u00eb demokrat\u00ebt p\u00ebr partin\u00eb. Kam qen\u00eb gati cdo gj\u00eb p\u00ebr t\u00eb b\u00ebr\u00eb q\u00eb t\u00eb vij\u00eb n\u00eb pushtet ,por zoti Basha nuk e kuptoj p\u00ebrse arriti deri n\u00eb k\u00ebt\u00eb pik\u00eb me mua. Nuk I kam cuar asnj\u00eb haber dhe nuk kam komunikuar.<\/p>\n<p>Ylli Rakipi: Tik e patur marr\u00ebdh\u00ebnie aq t\u00eb mira, san \u00eb miting ishe n\u00eb foto me gruan e Lulzim Bash\u00ebs.<\/p>\n<p>Myftar Lumeshi: E kam konsideruar si mot\u00ebr gruan e Lulzim Bash\u00ebs. Kam patur konsiderata shum\u00eb t\u00eb larta par familjen e tij, p\u00ebr Lulin, kam marr\u00eb pjes\u00eb n\u00eb \u00e7do protest\u00eb. Se si kaloi n\u00eb k\u00ebt\u00eb pike\u2026<\/p>\n<p>Ylli Rakipi: Nj\u00eb mendim patjet\u00ebr e ke ti, pse kaloi k\u00ebtu?<\/p>\n<p>Myftar Lumeshi: Halli politik i Bash\u00ebs nuk duhet t\u00eb kaloj\u00eb deri t\u00eb miqt\u00eb, q\u00eb e kan\u00eb mb\u00ebshtetur n\u00eb dit\u00ebt m\u00eb t\u00eb v\u00ebshtira. K\u00ebto dit\u00eb nuk \u00ebsht\u00eb shum\u00eb n\u00eb terezi, \u00ebsht\u00eb i tronditur. Ato akuza q\u00eb b\u00ebhen jan\u00eb t\u00eb pabaza. Nuk kam lidhje me k\u00ebto, jam biznesmen q\u00eb n\u00eb vitet 90. Than\u00eb person non-grata n\u00eb Angli, un\u00eb shkoj kur t\u00eb duan \u00eb Angli.<\/p>\n<p>Ylli Rakipi: Me Gazin nuk ke ndonj\u00eb foto?<\/p>\n<p>Myftar Lumeshi: Me Gazin nuk kam foto se nuk kam preferuar. Nuk m\u00eb shkon p\u00ebr foto me Gazin.<\/p>\n<p>Arjan \u00c7ani: Jam kurioz ta di. Ti Bashen e ke njohur n\u00ebp\u00ebrmjet Berish\u00ebs. Fakti q\u00eb Basha t\u00eb akuzoi, pyetja ime \u00ebsht\u00eb e thjesht\u00eb. Basha t\u00eb ka k\u00ebrkuar ndonj\u00eb gj\u00eb dhe ti nuk ja ke dh\u00ebn\u00eb? Pra t\u00eb ka k\u00ebrkuar gj\u00eb konkretisht? Ti je edhe biznesmen, ndoshta e ke ndihmuar edhe partin\u00eb.<\/p>\n<p>Myftar Lumeshi: Un\u00eb kam qen\u00eb gjithnj\u00eb n\u00eb krah t\u00eb Bash\u00ebs, i pakursyer sa her\u00eb ai ka patur nevoj\u00eb dhe kam patur marr\u00ebdh\u00ebnie shum\u00eb t\u00eb mir\u00eb me t\u00eb. Pas shtatorit, rreshtimi n\u00eb krah t\u00eb Berish\u00ebs, \u00ebsht\u00eb kryesorja. Pastaj t\u00eb tjerat\u2026<\/p>\n<p>Arjan \u00c7ani: Pra ka patur edhe gj\u00ebra t\u00eb tjera..<\/p>\n<p>Myftar Lumeshi: Kjo \u00ebsht\u00eb kryesorja\u2026<\/p>\n<p>Arjan \u00c7ani: T\u00eb ka k\u00ebrkuar di\u00e7ka konkretisht?<\/p>\n<p>Myftar Lumeshi: Ai nuk m\u00eb ka k\u00ebrkuar t\u00eb rreshtohem n\u00eb krah t\u00eb tij se nuk shkoja kurr\u00eb te ai.<\/p>\n","protected":false},"excerpt":{"rendered":"<p>Biznesmeni Myftar Lumeshi, ka folur n\u00eb nj\u00eb lidhje direkte p\u00ebr emisionin \u201cT\u00eb Paekspozuarit\u201d n\u00eb MCN TV, pas akuzave t\u00eb r\u00ebnda t\u00eb drejtuara ndaj tij, nga Gazment Bardhi, i besuari i Lulzim Bash\u00ebs. Lumeshi tha se nuk i kupton k\u00ebto akuza dhe shpifje ndaj tij, sepse Bash\u00ebn e ka patur mik familje dhe e ka ndihmuar [&hellip;]<\/p>\n","protected":false},"author":2031,"featured_media":228997,"comment_status":"closed","ping_status":"closed","sticky":false,"template":"","format":"standard","meta":{"footnotes":""},"categories":[241,231,1454,235],"tags":[],"class_list":{"0":"post-228996","1":"post","2":"type-post","3":"status-publish","4":"format-standard","5":"has-post-thumbnail","7":"category-aktualitet","8":"category-lajme","9":"category-politike","10":"category-vendi"},"_links":{"self":[{"href":"https:\/\/zjarr.tv\/sq\/wp-json\/wp\/v2\/posts\/228996","targetHints":{"allow":["GET"]}}],"collection":[{"href":"https:\/\/zjarr.tv\/sq\/wp-json\/wp\/v2\/posts"}],"about":[{"href":"https:\/\/zjarr.tv\/sq\/wp-json\/wp\/v2\/types\/post"}],"author":[{"embeddable":true,"href":"https:\/\/zjarr.tv\/sq\/wp-json\/wp\/v2\/users\/2031"}],"replies":[{"embeddable":true,"href":"https:\/\/zjarr.tv\/sq\/wp-json\/wp\/v2\/comments?post=228996"}],"version-history":[{"count":0,"href":"https:\/\/zjarr.tv\/sq\/wp-json\/wp\/v2\/posts\/228996\/revisions"}],"wp:featuredmedia":[{"embeddable":true,"href":"https:\/\/zjarr.tv\/sq\/wp-json\/wp\/v2\/media\/228997"}],"wp:attachment":[{"href":"https:\/\/zjarr.tv\/sq\/wp-json\/wp\/v2\/media?parent=228996"}],"wp:term":[{"taxonomy":"category","embeddable":true,"href":"https:\/\/zjarr.tv\/sq\/wp-json\/wp\/v2\/categories?post=228996"},{"taxonomy":"post_tag","embeddable":true,"href":"https:\/\/zjarr.tv\/sq\/wp-json\/wp\/v2\/tags?post=228996"}],"curies":[{"name":"wp","href":"https:\/\/api.w.org\/{rel}","templated":true}]}}