{"id":229000,"date":"2022-01-07T08:19:58","date_gmt":"2022-01-07T07:19:58","guid":{"rendered":"https:\/\/zjarr.tv\/?p=229000"},"modified":"2022-01-07T08:19:58","modified_gmt":"2022-01-07T07:19:58","slug":"manjani-ndjehet-superior-pastaj-zhytet-ne-frike","status":"publish","type":"post","link":"https:\/\/zjarr.tv\/sq\/manjani-ndjehet-superior-pastaj-zhytet-ne-frike\/","title":{"rendered":"Manjani: Ndjehet superior, pastaj zhytet n\u00eb frik\u00eb&#8230;"},"content":{"rendered":"<p>Nga Ylli Manjani<\/p>\n<p>T\u00eb gjith\u00eb t\u00eb marr\u00ebt e k\u00ebsaj bote, kur i z\u00eb marr\u00ebzia mbyllen n\u00eb bunker\u00eb\u2026<\/p>\n<p>Por marr\u00ebzive u dihet fundi\u2026<\/p>\n<p>Me k\u00ebto historia jan\u00eb b\u00ebr\u00eb v\u00ebrtet\u00eb filma.<\/p>\n<p>Asnj\u00eb marr\u00ebzi e till\u00eb nuk lul\u00ebzon dot. Sepse ajo n\u00eb t\u00eb v\u00ebrtet\u00eb shpreh d\u00ebshtim i r\u00ebnd\u00eb psiqik\u2026 Vet\u00ebizolimi brenda hekurave \u00ebsht\u00eb simptom\u00eb s\u00ebmundje, jo reagim normal. P\u00ebr politik\u00eb as q\u00eb b\u00ebhet m\u00eb fjal\u00eb.<\/p>\n<p>Komisioni i Rithemelimit duhet t\u00eb konktraktoj\u00eb psikiat\u00ebr, jo t\u00eb ftoj\u00eb an\u00ebtar\u00ebt e partis\u00eb t\u00eb rrethojn\u00eb \u201ct\u00eb s\u00ebmurin\u201d. Ai manifeston shenja t\u00eb r\u00ebnda hipermanie, ndjehet i dhunuar dhe nuk llogarit dot reagimin proporcional.<\/p>\n<p>Qart\u00ebsisht i vet\u00ebizoluari ka simptoma t\u00eb r\u00ebnduara psiko-bio-sociale. Nuk ka konsistenc\u00eb, jeton n\u00eb mohim t\u00eb realitetit, ndjehet superior, pastaj zhytet n\u00eb frik\u00eb, flet jerm, nxit dhun\u00eb, nuk e kupton plot\u00ebsisht r\u00ebnd\u00ebsin\u00eb e fjal\u00ebve q\u00eb l\u00ebshon. R\u00ebnd\u00eb shum\u00eb \u00ebsht\u00eb.<\/p>\n<p>Ai, n\u00eb fakt, Manjani: Vet\u00ebizolimi brenda hekurave \u00ebsht\u00eb simptom\u00eb s\u00ebmundje. Kjo marr\u00ebzi duhet t\u00eb marr fund!<br \/>\n. Ai ndjehet tashm\u00eb i rrethuar. Ai, n\u00eb t\u00eb v\u00ebrtet\u00eb, \u00ebsht\u00eb i rrethuar me hekura dhe i zhytur n\u00eb marr\u00ebzi totale.<\/p>\n<p>Si t\u00eb gjith\u00eb t\u00eb tjer\u00ebt me k\u00ebto sjellje, \u00ebsht\u00eb direkt p\u00ebr shtrim n\u00eb spital.<\/p>\n<p>Nuk \u00ebsht\u00eb shaka, por hall i madh kjo marr\u00ebzi q\u00eb ka z\u00ebn\u00eb at\u00eb vet\u00eb, por dhe t\u00eb gjith\u00eb ata q\u00eb jan\u00eb t\u00eb detyruar t\u00eb ken\u00eb nj\u00eb marrdh\u00ebn\u00ebnie me t\u00eb\u2026<\/p>\n<p>Por kjo marr\u00ebzi duhet t\u00eb marr fund!<\/p>\n<p>Sa m\u00eb shpejt!<\/p>\n<p>Vendi ka nevoj\u00eb p\u00ebr opozit\u00eb.<\/p>\n","protected":false},"excerpt":{"rendered":"<p>Nga Ylli Manjani T\u00eb gjith\u00eb t\u00eb marr\u00ebt e k\u00ebsaj bote, kur i z\u00eb marr\u00ebzia mbyllen n\u00eb bunker\u00eb\u2026 Por marr\u00ebzive u dihet fundi\u2026 Me k\u00ebto historia jan\u00eb b\u00ebr\u00eb v\u00ebrtet\u00eb filma. Asnj\u00eb marr\u00ebzi e till\u00eb nuk lul\u00ebzon dot. Sepse ajo n\u00eb t\u00eb v\u00ebrtet\u00eb shpreh d\u00ebshtim i r\u00ebnd\u00eb psiqik\u2026 Vet\u00ebizolimi brenda hekurave \u00ebsht\u00eb simptom\u00eb s\u00ebmundje, jo reagim normal. [&hellip;]<\/p>\n","protected":false},"author":2031,"featured_media":214013,"comment_status":"closed","ping_status":"closed","sticky":false,"template":"","format":"standard","meta":{"footnotes":""},"categories":[364,231],"tags":[],"class_list":{"0":"post-229000","1":"post","2":"type-post","3":"status-publish","4":"format-standard","5":"has-post-thumbnail","7":"category-koment-opinion","8":"category-lajme"},"_links":{"self":[{"href":"https:\/\/zjarr.tv\/sq\/wp-json\/wp\/v2\/posts\/229000","targetHints":{"allow":["GET"]}}],"collection":[{"href":"https:\/\/zjarr.tv\/sq\/wp-json\/wp\/v2\/posts"}],"about":[{"href":"https:\/\/zjarr.tv\/sq\/wp-json\/wp\/v2\/types\/post"}],"author":[{"embeddable":true,"href":"https:\/\/zjarr.tv\/sq\/wp-json\/wp\/v2\/users\/2031"}],"replies":[{"embeddable":true,"href":"https:\/\/zjarr.tv\/sq\/wp-json\/wp\/v2\/comments?post=229000"}],"version-history":[{"count":0,"href":"https:\/\/zjarr.tv\/sq\/wp-json\/wp\/v2\/posts\/229000\/revisions"}],"wp:featuredmedia":[{"embeddable":true,"href":"https:\/\/zjarr.tv\/sq\/wp-json\/wp\/v2\/media\/214013"}],"wp:attachment":[{"href":"https:\/\/zjarr.tv\/sq\/wp-json\/wp\/v2\/media?parent=229000"}],"wp:term":[{"taxonomy":"category","embeddable":true,"href":"https:\/\/zjarr.tv\/sq\/wp-json\/wp\/v2\/categories?post=229000"},{"taxonomy":"post_tag","embeddable":true,"href":"https:\/\/zjarr.tv\/sq\/wp-json\/wp\/v2\/tags?post=229000"}],"curies":[{"name":"wp","href":"https:\/\/api.w.org\/{rel}","templated":true}]}}