{"id":229011,"date":"2022-01-07T11:32:37","date_gmt":"2022-01-07T10:32:37","guid":{"rendered":"https:\/\/zjarr.tv\/?p=229011"},"modified":"2022-01-07T11:32:37","modified_gmt":"2022-01-07T10:32:37","slug":"politikanet-bejne-foto-me-shume-persona-ristani-i-pergjigjet-bashes-per-foton-me-myftar-lumneshin-genjen-kemi-ngrene-dreka-dhe-darka-ne-lokalin-e-tij","status":"publish","type":"post","link":"https:\/\/zjarr.tv\/sq\/politikanet-bejne-foto-me-shume-persona-ristani-i-pergjigjet-bashes-per-foton-me-myftar-lumneshin-genjen-kemi-ngrene-dreka-dhe-darka-ne-lokalin-e-tij\/","title":{"rendered":"\u201cPolitikan\u00ebt b\u00ebjn\u00eb foto me shum\u00eb persona\u201d, Ristani i p\u00ebrgjigjet Bash\u00ebs p\u00ebr foton me Myftar Lumneshin: G\u00ebnjen! Kemi ngr\u00ebn\u00eb dreka dhe darka n\u00eb lokalin e tij"},"content":{"rendered":"<p>Pasditen e djeshme n\u00eb media u publikuan foto t\u00eb Lulzim Bash\u00ebs me Myftar Lumneshin, pasi ky i fundit akuzohet nga vet\u00eb Basha se \u00ebsht\u00eb nj\u00eb nga eksponent\u00ebt e nj\u00eb grupi kriminal n\u00eb Angli.<\/p>\n<p>I pyetur n\u00eb emisionin \u201cOpen\u201d p\u00ebr foton me Lumneshin, Basha u shpreh se si politikan q\u00eb \u00ebhst\u00eb mund t\u00eb b\u00ebj\u00eb foto me shum\u00eb qytetar\u00eb, por tha se nuk ka bashk\u00ebpunuar kurr\u00eb me t\u00eb.<\/p>\n<p>Por ish-deputeti Arben Ristani e ka kund\u00ebrshtuar Bash\u00ebn. Sipas tij, ai ka qen\u00eb n\u00eb disa dreka dhe darka s\u00eb bahsku me Bash\u00ebn n\u00eb lokalin e Lumneshit, madje shtoi se kryedemokrati ka pranuar edhe donacione nga ai q\u00eb sot akuzon.<\/p>\n<p>\u201cBasha \u00ebsht\u00eb armik i s\u00eb v\u00ebrtet\u00ebs dhe i dashuruar pas g\u00ebnjeshtr\u00ebs. Un\u00eb kam qen\u00eb n\u00eb disa dreka dhe darka q\u00eb jan\u00eb shtruar n\u00eb lokalin e zot\u00ebris\u00eb, ku ka qen\u00eb dhe Basha. Jo vet\u00ebm e njeh, por ka pranuar nga ai dhe donacionet p\u00ebr PD-n\u00eb\u201d, tha Ristani.<\/p>\n","protected":false},"excerpt":{"rendered":"<p>Pasditen e djeshme n\u00eb media u publikuan foto t\u00eb Lulzim Bash\u00ebs me Myftar Lumneshin, pasi ky i fundit akuzohet nga vet\u00eb Basha se \u00ebsht\u00eb nj\u00eb nga eksponent\u00ebt e nj\u00eb grupi kriminal n\u00eb Angli. I pyetur n\u00eb emisionin \u201cOpen\u201d p\u00ebr foton me Lumneshin, Basha u shpreh se si politikan q\u00eb \u00ebhst\u00eb mund t\u00eb b\u00ebj\u00eb foto me [&hellip;]<\/p>\n","protected":false},"author":2030,"featured_media":229012,"comment_status":"closed","ping_status":"closed","sticky":false,"template":"","format":"standard","meta":{"footnotes":""},"categories":[241,3366,5380,231,1454],"tags":[],"class_list":{"0":"post-229011","1":"post","2":"type-post","3":"status-publish","4":"format-standard","5":"has-post-thumbnail","7":"category-aktualitet","8":"category-koment","9":"category-kryesore","10":"category-lajme","11":"category-politike"},"_links":{"self":[{"href":"https:\/\/zjarr.tv\/sq\/wp-json\/wp\/v2\/posts\/229011","targetHints":{"allow":["GET"]}}],"collection":[{"href":"https:\/\/zjarr.tv\/sq\/wp-json\/wp\/v2\/posts"}],"about":[{"href":"https:\/\/zjarr.tv\/sq\/wp-json\/wp\/v2\/types\/post"}],"author":[{"embeddable":true,"href":"https:\/\/zjarr.tv\/sq\/wp-json\/wp\/v2\/users\/2030"}],"replies":[{"embeddable":true,"href":"https:\/\/zjarr.tv\/sq\/wp-json\/wp\/v2\/comments?post=229011"}],"version-history":[{"count":0,"href":"https:\/\/zjarr.tv\/sq\/wp-json\/wp\/v2\/posts\/229011\/revisions"}],"wp:featuredmedia":[{"embeddable":true,"href":"https:\/\/zjarr.tv\/sq\/wp-json\/wp\/v2\/media\/229012"}],"wp:attachment":[{"href":"https:\/\/zjarr.tv\/sq\/wp-json\/wp\/v2\/media?parent=229011"}],"wp:term":[{"taxonomy":"category","embeddable":true,"href":"https:\/\/zjarr.tv\/sq\/wp-json\/wp\/v2\/categories?post=229011"},{"taxonomy":"post_tag","embeddable":true,"href":"https:\/\/zjarr.tv\/sq\/wp-json\/wp\/v2\/tags?post=229011"}],"curies":[{"name":"wp","href":"https:\/\/api.w.org\/{rel}","templated":true}]}}