{"id":229015,"date":"2022-01-07T11:35:35","date_gmt":"2022-01-07T10:35:35","guid":{"rendered":"https:\/\/zjarr.tv\/?p=229015"},"modified":"2022-01-07T11:35:35","modified_gmt":"2022-01-07T10:35:35","slug":"incidenti-me-gazetarin-ne-shkoder-reagon-policia-e-shtetit-kemi-filluar-hetimin-do-te-marrim-masa-per-cdo-kapercim-ne-ushtrimin-e-detyres","status":"publish","type":"post","link":"https:\/\/zjarr.tv\/sq\/incidenti-me-gazetarin-ne-shkoder-reagon-policia-e-shtetit-kemi-filluar-hetimin-do-te-marrim-masa-per-cdo-kapercim-ne-ushtrimin-e-detyres\/","title":{"rendered":"Incidenti me gazetarin n\u00eb Shkod\u00ebr, reagon Policia e Shtetit: Kemi filluar hetimin, do t\u00eb marrim masa p\u00ebr \u00e7do kap\u00ebrcim n\u00eb ushtrimin e detyr\u00ebs"},"content":{"rendered":"<p>Mbr\u00ebmjen e djeshme gazetari Simon Shkreli tregoi se gjat\u00eb aksionit t\u00eb RENEA-s n\u00eb Shkod\u00ebr, nj\u00ebri prej efektiv\u00ebve e kishte dhunuar dhe nuk e kisht\u00eb l\u00ebn\u00eb t\u00eb filmonte.<\/p>\n<p>P\u00ebr k\u00ebt\u00eb incident ka reaguar edhe Policia e Shtetit, e cila thot\u00eb se ka filluar hetimet dhe do t\u00eb merren masa p\u00ebr \u00e7do kap\u00ebrcim t\u00eb ushtrimit t\u00eb detyr\u00ebs nga punonj\u00ebsit e policis\u00eb.<\/p>\n<p>Reagim p\u00ebr incidentin me gazetarin n\u00eb Shkod\u00ebr<\/p>\n<p>Mbr\u00ebmjen e djeshme, gjat\u00eb nj\u00eb operacioni kontrolli nga forcat speciale policore n\u00eb Shkod\u00ebr, ka ndodhur nj\u00eb incident me gazetarin Simon Shkreli, i cili ka deklaruar se gjat\u00eb koh\u00ebs q\u00eb ka qen\u00eb duke filmuar me celular \u00ebsht\u00eb penguar t\u00eb kryej\u00eb detyr\u00ebn e tij.<\/p>\n<p>Lidhur me k\u00ebt\u00eb incident, Drejtori i P\u00ebrgjithsh\u00ebm i Policis\u00eb s\u00eb Shtetit ka urdh\u00ebruar menj\u00ebher\u00eb Drejtorin\u00eb e Standardeve Profesionale n\u00eb Policin\u00eb e Shtetit, p\u00ebr t\u00eb nisur verifikimin e veprimeve t\u00eb punonj\u00ebsve t\u00eb Policis\u00eb s\u00eb Shtetit. Policia e Shtetit \u00ebsht\u00eb t\u00ebr\u00ebsisht e angazhuar p\u00ebr t\u00eb rritur parametrat e siguris\u00eb n\u00eb vend, p\u00ebrfshir\u00eb kontrollet p\u00ebr t\u00eb kapur personat q\u00eb qarkullojn\u00eb t\u00eb armatosur apo q\u00eb posedojn\u00eb dhe trafikojn\u00eb l\u00ebnd\u00eb narkotike.<\/p>\n<p>Duke vler\u00ebsuar fort rolin e medias n\u00eb informimin e publikut dhe duke k\u00ebrkuar mir\u00ebkuptimin e gazetar\u00ebve p\u00ebr t\u00eb qen\u00eb bashk\u00eb n\u00eb misionin p\u00ebr m\u00eb shum\u00eb siguri, Policia e Shtetit d\u00ebnon \u00e7do akt dhe do t\u00eb marr\u00eb masa p\u00ebr \u00e7do kap\u00ebrcim n\u00eb ushtrimin e detyr\u00ebs nga punonj\u00ebsit e Policis\u00eb s\u00eb Shtetit. Nd\u00ebrkoh\u00eb, lidhur me k\u00ebt\u00eb incident edhe SH\u00c7BA ka nisur verifikimet. Gazetari Shkreli ndodhet n\u00eb ambientet e sh\u00ebrbimit, p\u00ebr t\u00eb dh\u00ebn\u00eb deklarat\u00ebn e tij.<\/p>\n","protected":false},"excerpt":{"rendered":"<p>Mbr\u00ebmjen e djeshme gazetari Simon Shkreli tregoi se gjat\u00eb aksionit t\u00eb RENEA-s n\u00eb Shkod\u00ebr, nj\u00ebri prej efektiv\u00ebve e kishte dhunuar dhe nuk e kisht\u00eb l\u00ebn\u00eb t\u00eb filmonte. P\u00ebr k\u00ebt\u00eb incident ka reaguar edhe Policia e Shtetit, e cila thot\u00eb se ka filluar hetimet dhe do t\u00eb merren masa p\u00ebr \u00e7do kap\u00ebrcim t\u00eb ushtrimit t\u00eb detyr\u00ebs [&hellip;]<\/p>\n","protected":false},"author":2030,"featured_media":229016,"comment_status":"closed","ping_status":"closed","sticky":false,"template":"","format":"standard","meta":{"footnotes":""},"categories":[241,5380,231],"tags":[],"class_list":{"0":"post-229015","1":"post","2":"type-post","3":"status-publish","4":"format-standard","5":"has-post-thumbnail","7":"category-aktualitet","8":"category-kryesore","9":"category-lajme"},"_links":{"self":[{"href":"https:\/\/zjarr.tv\/sq\/wp-json\/wp\/v2\/posts\/229015","targetHints":{"allow":["GET"]}}],"collection":[{"href":"https:\/\/zjarr.tv\/sq\/wp-json\/wp\/v2\/posts"}],"about":[{"href":"https:\/\/zjarr.tv\/sq\/wp-json\/wp\/v2\/types\/post"}],"author":[{"embeddable":true,"href":"https:\/\/zjarr.tv\/sq\/wp-json\/wp\/v2\/users\/2030"}],"replies":[{"embeddable":true,"href":"https:\/\/zjarr.tv\/sq\/wp-json\/wp\/v2\/comments?post=229015"}],"version-history":[{"count":0,"href":"https:\/\/zjarr.tv\/sq\/wp-json\/wp\/v2\/posts\/229015\/revisions"}],"wp:featuredmedia":[{"embeddable":true,"href":"https:\/\/zjarr.tv\/sq\/wp-json\/wp\/v2\/media\/229016"}],"wp:attachment":[{"href":"https:\/\/zjarr.tv\/sq\/wp-json\/wp\/v2\/media?parent=229015"}],"wp:term":[{"taxonomy":"category","embeddable":true,"href":"https:\/\/zjarr.tv\/sq\/wp-json\/wp\/v2\/categories?post=229015"},{"taxonomy":"post_tag","embeddable":true,"href":"https:\/\/zjarr.tv\/sq\/wp-json\/wp\/v2\/tags?post=229015"}],"curies":[{"name":"wp","href":"https:\/\/api.w.org\/{rel}","templated":true}]}}