{"id":229024,"date":"2022-01-07T11:51:39","date_gmt":"2022-01-07T10:51:39","guid":{"rendered":"https:\/\/zjarr.tv\/?p=229024"},"modified":"2022-01-07T11:51:39","modified_gmt":"2022-01-07T10:51:39","slug":"qendroni-ne-shtepi-ose-do-tu-arrestojme-thirrja-e-forte-e-presidentit-per-te-pavaksinuarit","status":"publish","type":"post","link":"https:\/\/zjarr.tv\/sq\/qendroni-ne-shtepi-ose-do-tu-arrestojme-thirrja-e-forte-e-presidentit-per-te-pavaksinuarit\/","title":{"rendered":"\u201cQ\u00ebndroni n\u00eb sht\u00ebpi, ose do t\u2019u arrestojm\u00eb\u201d, thirrja e fort\u00eb e presidentit p\u00ebr t\u00eb pavaksinuarit"},"content":{"rendered":"<p>Presidenti i Filipineve Rodrigo Duterte b\u00ebri nj\u00eb deklarat\u00eb t\u00eb fort\u00eb, duke k\u00ebrkuar nga autoritetet q\u00eb t\u00eb arrestojn\u00eb personat e pavaksinuar q\u00eb nuk respektojn\u00eb detyrimin p\u00ebr t\u00eb q\u00ebndruar n\u00eb sht\u00ebpit\u00eb e tyre.<\/p>\n<p>Kjo deklarat\u00eb vjen n\u00eb nj\u00eb koh\u00eb kur vendi \u00ebsht\u00eb n\u00eb periudh\u00ebn e kufizimit m\u00eb t\u00eb rrept\u00eb, e cila synon ndalimin e rritjes s\u00eb rasteve t\u00eb infektimit me variantin Omicron. P\u00ebr shkak t\u00eb rritjes s\u00eb shirave t\u00eb infektimeve, Qeveria ka rritur kufizimet n\u00eb kryeqytet, Manila dhe zona t\u00eb tjera k\u00ebt\u00eb jav\u00eb.<\/p>\n<p>Sipas vendimit t\u00eb qeveris\u00eb qytetar\u00ebt e pavaksinuar duhet t\u00eb q\u00ebndrojn\u00eb n\u00eb sht\u00ebpi gjat\u00eb periudh\u00ebs s\u00eb masave t\u00eb reja, t\u00eb cilat do t\u00eb q\u00ebndrojn\u00eb n\u00eb fuqi deri n\u00eb mes t\u00eb janarit dhe do t\u00eb mund t\u00eb dalin vet\u00ebm p\u00ebr t\u00eb bler\u00eb gj\u00ebrat e nevojshme.<\/p>\n<p>\u201cP\u00ebrball\u00eb emergjenc\u00ebs komb\u00ebtare i urdh\u00ebroj ata (autoritetet lokale) t\u00eb gjejn\u00eb t\u00eb pavaksinuarit dhe t\u2019u k\u00ebrkojn\u00eb t\u00eb mos l\u00ebvizin. Dhe n\u00ebse ata refuzojn\u00eb, n\u00ebse largohen nga sht\u00ebpit\u00eb e tyre at\u00ebher\u00eb autoritetet duhet t\u2019i arrestojn\u00eb\u201d, tha Presidenti Duterte n\u00eb nj\u00eb deklarat\u00eb p\u00ebr shtyp.<\/p>\n","protected":false},"excerpt":{"rendered":"<p>Presidenti i Filipineve Rodrigo Duterte b\u00ebri nj\u00eb deklarat\u00eb t\u00eb fort\u00eb, duke k\u00ebrkuar nga autoritetet q\u00eb t\u00eb arrestojn\u00eb personat e pavaksinuar q\u00eb nuk respektojn\u00eb detyrimin p\u00ebr t\u00eb q\u00ebndruar n\u00eb sht\u00ebpit\u00eb e tyre. Kjo deklarat\u00eb vjen n\u00eb nj\u00eb koh\u00eb kur vendi \u00ebsht\u00eb n\u00eb periudh\u00ebn e kufizimit m\u00eb t\u00eb rrept\u00eb, e cila synon ndalimin e rritjes s\u00eb rasteve [&hellip;]<\/p>\n","protected":false},"author":2030,"featured_media":229025,"comment_status":"closed","ping_status":"closed","sticky":false,"template":"","format":"standard","meta":{"footnotes":""},"categories":[241,191,5380,231],"tags":[],"class_list":{"0":"post-229024","1":"post","2":"type-post","3":"status-publish","4":"format-standard","5":"has-post-thumbnail","7":"category-aktualitet","8":"category-bota","9":"category-kryesore","10":"category-lajme"},"_links":{"self":[{"href":"https:\/\/zjarr.tv\/sq\/wp-json\/wp\/v2\/posts\/229024","targetHints":{"allow":["GET"]}}],"collection":[{"href":"https:\/\/zjarr.tv\/sq\/wp-json\/wp\/v2\/posts"}],"about":[{"href":"https:\/\/zjarr.tv\/sq\/wp-json\/wp\/v2\/types\/post"}],"author":[{"embeddable":true,"href":"https:\/\/zjarr.tv\/sq\/wp-json\/wp\/v2\/users\/2030"}],"replies":[{"embeddable":true,"href":"https:\/\/zjarr.tv\/sq\/wp-json\/wp\/v2\/comments?post=229024"}],"version-history":[{"count":0,"href":"https:\/\/zjarr.tv\/sq\/wp-json\/wp\/v2\/posts\/229024\/revisions"}],"wp:featuredmedia":[{"embeddable":true,"href":"https:\/\/zjarr.tv\/sq\/wp-json\/wp\/v2\/media\/229025"}],"wp:attachment":[{"href":"https:\/\/zjarr.tv\/sq\/wp-json\/wp\/v2\/media?parent=229024"}],"wp:term":[{"taxonomy":"category","embeddable":true,"href":"https:\/\/zjarr.tv\/sq\/wp-json\/wp\/v2\/categories?post=229024"},{"taxonomy":"post_tag","embeddable":true,"href":"https:\/\/zjarr.tv\/sq\/wp-json\/wp\/v2\/tags?post=229024"}],"curies":[{"name":"wp","href":"https:\/\/api.w.org\/{rel}","templated":true}]}}