{"id":229028,"date":"2022-01-07T11:55:41","date_gmt":"2022-01-07T10:55:41","guid":{"rendered":"https:\/\/zjarr.tv\/?p=229028"},"modified":"2022-01-07T11:55:41","modified_gmt":"2022-01-07T10:55:41","slug":"shkoder-range-rover-i-del-nga-rruga-dhe-bie-ne-kanal-nderron-jete-shoferi","status":"publish","type":"post","link":"https:\/\/zjarr.tv\/sq\/shkoder-range-rover-i-del-nga-rruga-dhe-bie-ne-kanal-nderron-jete-shoferi\/","title":{"rendered":"Shkod\u00ebr\/ \u201cRange Rover-i\u201d del nga rruga dhe bie n\u00eb kanal, nd\u00ebrron jet\u00eb shoferi"},"content":{"rendered":"<p>Nj\u00eb person ka humbur jet\u00ebn m\u00ebngjesin e k\u00ebsaj t\u00eb premteje n\u00eb Shkod\u00ebr, pasi mjeti me t\u00eb cilin ai udh\u00ebtonte ka dal\u00eb nga rruga dhe r\u00ebn\u00eb n\u00eb nj\u00eb kanal. Dyshohet se shkak \u00ebsht\u00eb b\u00ebr\u00eb shpejt\u00ebsia e lart\u00eb me t\u00eb cil\u00ebn l\u00ebvizte drejtuesi i mjetit.<\/p>\n<p>Mjeti tip Range Rover ka qen\u00eb duke l\u00ebvizur n\u00eb aksin Shkod\u00ebr-Velipoj\u00eb, kur ka dal\u00eb nga rruga dhe ka p\u00ebrfunduar n\u00eb nj\u00eb kanal. Shoferi, identiteti i t\u00eb cilit ende nuk b\u00ebhet me dije, fatkeq\u00ebsisht ka humbur jet\u00ebn n\u00eb vend.<\/p>\n<p>Policia ndodhet n\u00eb vendngjarje dhe po kryen hetimet p\u00ebr zbardhjen e plot\u00eb t\u00eb saj, si dhe p\u00ebr normalizimin e qarkullimit t\u00eb mjeteve t\u00eb tjera q\u00eb p\u00ebrdorin k\u00ebt\u00eb rrug\u00eb.<\/p>\n<p>\u201cM\u00eb dat\u00eb 07.01.2022, n\u00eb aksin rrugor, Shkod\u00ebr-Velipoj\u00eb, automjeti tip \u201cRange Rover\u201d, ka dal\u00eb nga rruga dhe p\u00ebr pasoj\u00eb drejtuesi i mjetit ende i paidentifikuar ka humbur jet\u00ebn. Grupi hetimor ndodhet n\u00eb vendngjarje dhe po punon p\u00ebr zbardhjen e shkakut t\u00eb k\u00ebsaj dalje nga rruga\u201d, njofton Policia e Shkodr\u00ebs.<\/p>\n","protected":false},"excerpt":{"rendered":"<p>Nj\u00eb person ka humbur jet\u00ebn m\u00ebngjesin e k\u00ebsaj t\u00eb premteje n\u00eb Shkod\u00ebr, pasi mjeti me t\u00eb cilin ai udh\u00ebtonte ka dal\u00eb nga rruga dhe r\u00ebn\u00eb n\u00eb nj\u00eb kanal. Dyshohet se shkak \u00ebsht\u00eb b\u00ebr\u00eb shpejt\u00ebsia e lart\u00eb me t\u00eb cil\u00ebn l\u00ebvizte drejtuesi i mjetit. Mjeti tip Range Rover ka qen\u00eb duke l\u00ebvizur n\u00eb aksin Shkod\u00ebr-Velipoj\u00eb, kur [&hellip;]<\/p>\n","protected":false},"author":2030,"featured_media":229029,"comment_status":"closed","ping_status":"closed","sticky":false,"template":"","format":"standard","meta":{"footnotes":""},"categories":[241,231],"tags":[],"class_list":{"0":"post-229028","1":"post","2":"type-post","3":"status-publish","4":"format-standard","5":"has-post-thumbnail","7":"category-aktualitet","8":"category-lajme"},"_links":{"self":[{"href":"https:\/\/zjarr.tv\/sq\/wp-json\/wp\/v2\/posts\/229028","targetHints":{"allow":["GET"]}}],"collection":[{"href":"https:\/\/zjarr.tv\/sq\/wp-json\/wp\/v2\/posts"}],"about":[{"href":"https:\/\/zjarr.tv\/sq\/wp-json\/wp\/v2\/types\/post"}],"author":[{"embeddable":true,"href":"https:\/\/zjarr.tv\/sq\/wp-json\/wp\/v2\/users\/2030"}],"replies":[{"embeddable":true,"href":"https:\/\/zjarr.tv\/sq\/wp-json\/wp\/v2\/comments?post=229028"}],"version-history":[{"count":0,"href":"https:\/\/zjarr.tv\/sq\/wp-json\/wp\/v2\/posts\/229028\/revisions"}],"wp:featuredmedia":[{"embeddable":true,"href":"https:\/\/zjarr.tv\/sq\/wp-json\/wp\/v2\/media\/229029"}],"wp:attachment":[{"href":"https:\/\/zjarr.tv\/sq\/wp-json\/wp\/v2\/media?parent=229028"}],"wp:term":[{"taxonomy":"category","embeddable":true,"href":"https:\/\/zjarr.tv\/sq\/wp-json\/wp\/v2\/categories?post=229028"},{"taxonomy":"post_tag","embeddable":true,"href":"https:\/\/zjarr.tv\/sq\/wp-json\/wp\/v2\/tags?post=229028"}],"curies":[{"name":"wp","href":"https:\/\/api.w.org\/{rel}","templated":true}]}}