{"id":229032,"date":"2022-01-07T12:08:38","date_gmt":"2022-01-07T11:08:38","guid":{"rendered":"https:\/\/zjarr.tv\/?p=229032"},"modified":"2022-01-07T12:08:38","modified_gmt":"2022-01-07T11:08:38","slug":"kryeredaktori-i-syrit-publikon-videon-e-selise-se-blinduar-dhe-pyet-pse-roja-e-nxori-gazetarin-nga-dritarja-e-banjos-jo-nga-dera-kryesore","status":"publish","type":"post","link":"https:\/\/zjarr.tv\/sq\/kryeredaktori-i-syrit-publikon-videon-e-selise-se-blinduar-dhe-pyet-pse-roja-e-nxori-gazetarin-nga-dritarja-e-banjos-jo-nga-dera-kryesore\/","title":{"rendered":"Kryeredaktori i \u201cSYRIT\u201d publikon videon e selis\u00eb s\u00eb \u201cblinduar\u201d dhe pyet: Pse roja e nxori gazetarin nga dritarja e banjos, jo nga dera kryesore"},"content":{"rendered":"<p>Analisti Andi Bejtja publikon pamjet e regjistruara mbr\u00ebmjen e djeshme n\u00eb ambientet e brendshme t\u00eb PD, dhe ka nj\u00eb pyetje p\u00ebr ata persona q\u00eb ai thot\u00eb se mbajn\u00eb ende \u201cfanell\u00ebn e PD\u201d. Gjithashtu, kryeredaktori i medias Syri Tv, tregon dhe nj\u00eb dilem\u00eb p\u00ebrgjigjen e s\u00eb cil\u00ebs thot\u00eb se nuk ka p\u00ebr ta gjetur kurr\u00eb.<\/p>\n<p>Pse roja i PD nuk e nxori gazetarin dhe operatorin e tij nga dera kryesore e selis\u00eb, por nga dritarja e tualetit, andej nga u fut\u00ebn.<\/p>\n<p>\u201cPasi u genjyem gjithe diten dhe gjithe kto dite qe nuk ka dyer te blinduara, pasi Bled Marku dhe operatori Arsen Dibra hyne live ne PD dhe xhiruan dyert e blinduara, per 8 Janarin kam vetem dy dilema: sa njerez qe mbajne akoma fanellen e PD, pavaresisht nga pozicionet e fundit\u00a0 sa nga kta do pranojne te legenosen te futen ne bunker me 8 Janar me dere te blinduar dhe ne hale dhe dilema tjeter qe nuk nuk kam per ta gjet kurre, eshte pse ai roja i PD e nxorri Bled Markun dhe operatorin Arsen Dibra po nga dritarja banjos nga kta hyne dhe nuk e la te dilte nga dera\u2026ket nuk kam per ta gjet kurre\u2026\u201d, shkruan Andi Bejtja.<\/p>\n","protected":false},"excerpt":{"rendered":"<p>Analisti Andi Bejtja publikon pamjet e regjistruara mbr\u00ebmjen e djeshme n\u00eb ambientet e brendshme t\u00eb PD, dhe ka nj\u00eb pyetje p\u00ebr ata persona q\u00eb ai thot\u00eb se mbajn\u00eb ende \u201cfanell\u00ebn e PD\u201d. Gjithashtu, kryeredaktori i medias Syri Tv, tregon dhe nj\u00eb dilem\u00eb p\u00ebrgjigjen e s\u00eb cil\u00ebs thot\u00eb se nuk ka p\u00ebr ta gjetur kurr\u00eb. Pse [&hellip;]<\/p>\n","protected":false},"author":2030,"featured_media":229033,"comment_status":"closed","ping_status":"closed","sticky":false,"template":"","format":"standard","meta":{"footnotes":""},"categories":[241,3366,5380,1454],"tags":[],"class_list":{"0":"post-229032","1":"post","2":"type-post","3":"status-publish","4":"format-standard","5":"has-post-thumbnail","7":"category-aktualitet","8":"category-koment","9":"category-kryesore","10":"category-politike"},"_links":{"self":[{"href":"https:\/\/zjarr.tv\/sq\/wp-json\/wp\/v2\/posts\/229032","targetHints":{"allow":["GET"]}}],"collection":[{"href":"https:\/\/zjarr.tv\/sq\/wp-json\/wp\/v2\/posts"}],"about":[{"href":"https:\/\/zjarr.tv\/sq\/wp-json\/wp\/v2\/types\/post"}],"author":[{"embeddable":true,"href":"https:\/\/zjarr.tv\/sq\/wp-json\/wp\/v2\/users\/2030"}],"replies":[{"embeddable":true,"href":"https:\/\/zjarr.tv\/sq\/wp-json\/wp\/v2\/comments?post=229032"}],"version-history":[{"count":0,"href":"https:\/\/zjarr.tv\/sq\/wp-json\/wp\/v2\/posts\/229032\/revisions"}],"wp:featuredmedia":[{"embeddable":true,"href":"https:\/\/zjarr.tv\/sq\/wp-json\/wp\/v2\/media\/229033"}],"wp:attachment":[{"href":"https:\/\/zjarr.tv\/sq\/wp-json\/wp\/v2\/media?parent=229032"}],"wp:term":[{"taxonomy":"category","embeddable":true,"href":"https:\/\/zjarr.tv\/sq\/wp-json\/wp\/v2\/categories?post=229032"},{"taxonomy":"post_tag","embeddable":true,"href":"https:\/\/zjarr.tv\/sq\/wp-json\/wp\/v2\/tags?post=229032"}],"curies":[{"name":"wp","href":"https:\/\/api.w.org\/{rel}","templated":true}]}}