{"id":229036,"date":"2022-01-07T16:32:34","date_gmt":"2022-01-07T15:32:34","guid":{"rendered":"https:\/\/zjarr.tv\/?p=229036"},"modified":"2022-01-07T16:32:34","modified_gmt":"2022-01-07T15:32:34","slug":"zbardhet-skandali-i-databazes-se-pagave-kryeprokurorja-imeraj-4-te-arrestuar-2-jane-specialiste-te-tatimeve-i-shiten-te-dhenat-per-para-prangosem-dhe-bleresit","status":"publish","type":"post","link":"https:\/\/zjarr.tv\/sq\/zbardhet-skandali-i-databazes-se-pagave-kryeprokurorja-imeraj-4-te-arrestuar-2-jane-specialiste-te-tatimeve-i-shiten-te-dhenat-per-para-prangosem-dhe-bleresit\/","title":{"rendered":"Zbardhet skandali i databaz\u00ebs s\u00eb pagave! Kryeprokurorja Imeraj: 4 t\u00eb arrestuar, 2 jan\u00eb specialist\u00eb t\u00eb Tatimeve, i shit\u00ebn t\u00eb dh\u00ebnat p\u00ebr para, prangos\u00ebm dhe bler\u00ebsit"},"content":{"rendered":"<p>Prokuroria dhe Policia e Tiran\u00ebs kan\u00eb dal\u00eb k\u00ebt\u00eb t\u00eb premte n\u00eb nj\u00eb konferenc\u00eb p\u00ebr mediat, p\u00ebr zbardhjen e skandalit t\u00eb publikimit t\u00eb t\u00eb dh\u00ebnave t\u00eb m\u00eb shum\u00eb se 650 mij\u00eb shtetasve shqipatr\u00eb, q\u00eb p\u00ebrfshinin numrin e celularit, pag\u00ebn, targat, etj.<\/p>\n<p>Kryeprokurorja e Tiran\u00ebs Elisabeta Imeraj ka th\u00ebn\u00eb se jan\u00eb sekuestruar shum\u00eb servera dhe kompjutera dhe \u00ebsht\u00eb arritur te personat t\u00eb cil\u00ebt i kan\u00eb shp\u00ebrndar\u00eb. N\u00eb total jan\u00eb arrestuar deri tani 4 persona dhe dy prej tyre jan\u00eb zyrtar\u00eb t\u00eb shtetit, specialist\u00eb IT t\u00eb Drejtoris\u00eb s\u00eb P\u00ebrgjithshme t\u00eb Tatimeve. Si institucion ku punojn\u00eb, ata rezultojn\u00eb n\u00eb AKSHI.<\/p>\n<p>K\u00ebta dy persona, kan\u00eb nxjerr t\u00eb dh\u00ebnat nga sistemi ku kishin akses p\u00ebr shkak t\u00eb pun\u00ebs s\u00eb tyre dhe i kan\u00eb shitur te subjekte private p\u00ebr para. N\u00eb pranga kan\u00eb r\u00ebn\u00eb dhe dy personat q\u00eb i kan\u00eb bler\u00eb k\u00ebto t\u00eb dh\u00ebna. Imeraj theksoi se nuk kemi t\u00eb b\u00ebjm\u00eb me rrjedhje t\u00eb t\u00eb dh\u00ebnave por shp\u00ebrdorim detyre nga zyrtar\u00eb t\u00eb shtetit dhe shitje t\u00eb tyre kundrejt pages\u00ebs.<\/p>\n<p>Kryeprokurorja Imeraj tha se po hetohet dhe te Drejtoria e Rrug\u00ebve p\u00ebr shkak t\u00eb daljes s\u00eb databaz\u00ebs s\u00eb targave.<\/p>\n<p>\u201cJan\u00eb sekuestruar servera, kompjutera dhe pajisje t\u00eb tjera. Kemi arritur t\u00eb zbulojm\u00eb 4 autor\u00eb t\u00eb ngjarjes, prej t\u00eb cil\u00ebve dy jan\u00eb punonj\u00ebs t\u00eb shtetit dhe punojn\u00eb si specialist\u00eb IT n\u00eb Drejtorin\u00eb e P\u00ebrgjithshme t\u00eb Tatimeve. Specialistja e IT n\u00eb Drejtorin\u00eb e Tatimeve, duke pasur akses n\u00eb t\u00eb dh\u00ebnat personale si\u00e7 jan\u00eb pagat e disa muajve. \u00cbsht\u00eb futur duke pasur akses dhe k\u00ebto t\u00eb dh\u00ebna i ka shp\u00ebrndar\u00eb te kolegu i saj dhe k\u00ebto t\u00eb dh\u00ebna u jan\u00eb shitur subjekteve private. Nuk kemi rrjedhje t\u00eb t\u00eb dh\u00ebnave, por punonj\u00ebs t\u00eb caktuar kan\u00eb shp\u00ebrdoruar detyr\u00ebn.<\/p>\n<p>Jan\u00eb v\u00ebn\u00eb para p\u00ebrgjegj\u00ebsis\u00eb penale dhe dy shtetas t\u00eb tjer\u00eb q\u00eb kan\u00eb bler\u00eb k\u00ebto t\u00eb dh\u00ebna. Po vazhdojn\u00eb hetimet intensive dhe n\u00eb pista t\u00eb tjera. Po hetohet dhe Drejtoria e Transportit Rrugor pasi kan\u00eb dal\u00eb t\u00eb dh\u00ebna q\u00eb lidhen me targat. Nj\u00eb veprimtari e till\u00eb ka disa koh\u00eb q\u00eb zhvillohet, si\u00e7 \u00ebsht\u00eb \u00e7\u00ebshtja e patronazhist\u00ebve, Prokuoria dhe Policia jan\u00eb n\u00eb funksion t\u00eb plot\u00eb. Pista tjet\u00ebr, \u00ebsht\u00eb p\u00ebr t\u2019i shkuar deri n\u00eb fund k\u00ebsaj ngjarje, edhe p\u00ebr ata persona q\u00eb i kan\u00eb publikuar k\u00ebto t\u00eb dh\u00ebna. Garantojm\u00eb secilin prej qytetar\u00ebve p\u00ebr nj\u00eb hetim objektiv t\u00eb plot\u00eb dhe t\u00eb qart\u00eb t\u00eb situat\u00ebs, p\u00ebr t\u00eb zbardhur dhe motivin e publikimitt\u00eb k\u00ebtyre t\u00eb dh\u00ebnave\u201c, tha kryeprokurorja e Tiran\u00ebs Elisabeta Imeraj.<\/p>\n","protected":false},"excerpt":{"rendered":"<p>Prokuroria dhe Policia e Tiran\u00ebs kan\u00eb dal\u00eb k\u00ebt\u00eb t\u00eb premte n\u00eb nj\u00eb konferenc\u00eb p\u00ebr mediat, p\u00ebr zbardhjen e skandalit t\u00eb publikimit t\u00eb t\u00eb dh\u00ebnave t\u00eb m\u00eb shum\u00eb se 650 mij\u00eb shtetasve shqipatr\u00eb, q\u00eb p\u00ebrfshinin numrin e celularit, pag\u00ebn, targat, etj. Kryeprokurorja e Tiran\u00ebs Elisabeta Imeraj ka th\u00ebn\u00eb se jan\u00eb sekuestruar shum\u00eb servera dhe kompjutera dhe [&hellip;]<\/p>\n","protected":false},"author":2030,"featured_media":229037,"comment_status":"closed","ping_status":"closed","sticky":false,"template":"","format":"standard","meta":{"footnotes":""},"categories":[241,3366,5380,231],"tags":[],"class_list":{"0":"post-229036","1":"post","2":"type-post","3":"status-publish","4":"format-standard","5":"has-post-thumbnail","7":"category-aktualitet","8":"category-koment","9":"category-kryesore","10":"category-lajme"},"_links":{"self":[{"href":"https:\/\/zjarr.tv\/sq\/wp-json\/wp\/v2\/posts\/229036","targetHints":{"allow":["GET"]}}],"collection":[{"href":"https:\/\/zjarr.tv\/sq\/wp-json\/wp\/v2\/posts"}],"about":[{"href":"https:\/\/zjarr.tv\/sq\/wp-json\/wp\/v2\/types\/post"}],"author":[{"embeddable":true,"href":"https:\/\/zjarr.tv\/sq\/wp-json\/wp\/v2\/users\/2030"}],"replies":[{"embeddable":true,"href":"https:\/\/zjarr.tv\/sq\/wp-json\/wp\/v2\/comments?post=229036"}],"version-history":[{"count":0,"href":"https:\/\/zjarr.tv\/sq\/wp-json\/wp\/v2\/posts\/229036\/revisions"}],"wp:featuredmedia":[{"embeddable":true,"href":"https:\/\/zjarr.tv\/sq\/wp-json\/wp\/v2\/media\/229037"}],"wp:attachment":[{"href":"https:\/\/zjarr.tv\/sq\/wp-json\/wp\/v2\/media?parent=229036"}],"wp:term":[{"taxonomy":"category","embeddable":true,"href":"https:\/\/zjarr.tv\/sq\/wp-json\/wp\/v2\/categories?post=229036"},{"taxonomy":"post_tag","embeddable":true,"href":"https:\/\/zjarr.tv\/sq\/wp-json\/wp\/v2\/tags?post=229036"}],"curies":[{"name":"wp","href":"https:\/\/api.w.org\/{rel}","templated":true}]}}