{"id":229043,"date":"2022-01-07T17:08:29","date_gmt":"2022-01-07T16:08:29","guid":{"rendered":"https:\/\/zjarr.tv\/?p=229043"},"modified":"2022-01-07T17:08:29","modified_gmt":"2022-01-07T16:08:29","slug":"perplasjet-ne-pd-gjekmarkaj-dhuna-per-nje-karrige-personale-nuk-eshte-alternative-as-nje-filiz-shprese-nuk-rritet-ne-te","status":"publish","type":"post","link":"https:\/\/zjarr.tv\/sq\/perplasjet-ne-pd-gjekmarkaj-dhuna-per-nje-karrige-personale-nuk-eshte-alternative-as-nje-filiz-shprese-nuk-rritet-ne-te\/","title":{"rendered":"P\u00ebrplasjet n\u00eb PD, Gjekmarkaj: Dhuna p\u00ebr nj\u00eb karrige personale nuk \u00ebsht\u00eb alternativ\u00eb, as nj\u00eb filiz shprese nuk rritet n\u00eb t\u00eb"},"content":{"rendered":"<p>Deputeti i PD Agron Gjekmarkaj, i rreshtuar krah Lulzim Bash\u00ebs shkruan p\u00ebr situat\u00ebn n\u00eb selin\u00eb blu. Ai thot\u00eb se dhuna p\u00ebr karrige personale nuk \u00ebsht\u00eb alternativ\u00eb e prej saj nuk rritet asnj\u00eb filiz shprese.<\/p>\n<p>Sh\u00ebnimi i plot\u00eb i Agron Gjekmarkaj:<\/p>\n<p>Nj\u00eb gjuh\u00eb dhun\u00eb vertitet mbi Partin\u00eb Demokratike! Dhuna \u00ebsht\u00eb primitive, instrument i kohes kur njeriu nuk e kishte elboruar arsyen. Zedhenesit e saj po kaq jan\u00eb primitiv. Si iluzion pervers shfaqet ideja se nga dhuna lind demokracia, se prej saj vjen ndryshimi, se nga ajo merr jet\u00eb rithemelimi, se prej saj vjen pushteti. Dhuna mbron abuzimin dhe justifikon friken.<\/p>\n<p>Dhuna p\u00ebr nj\u00eb karrige personale nuk \u00ebsht\u00eb alternative per ask\u00ebnd sidomos per nj\u00eb vend si yni q\u00eb nj\u00eb pjes\u00eb t\u00eb historis\u00eb e se vet e ka t\u00eb zhytur n\u00eb gjakun e dhunes. As nj\u00eb filiz shprese nuk rritet n\u00eb t\u00eb. Dhuna fizike, dhuna verbale, dhuna politike vetem projekton t\u00eb ngjashmit e vet, asnjehere paqe, asnjehere bashkjetese, asnjehere garanci demokratike asnjehere zhvillim dhe mir\u00ebq\u00ebnie ekonomike per femijet tan\u00eb. Ajo i vlen nj\u00eb individi jo demokrat\u00ebve e shoq\u00ebris\u00eb shqipetare jo e jo.<\/p>\n<p>Ajo ka vetem nj\u00eb emer-regres. PD \u00ebsht\u00eb institucion themelor i ketij vendi asnj\u00eb forme iligjitime pushtimi nuk e permbys legalitetin e saj. Ju b\u00ebj thirrje t\u00eb gjith\u00eb demokrat\u00ebve q\u00eb t\u00eb mendojn\u00eb thell\u00eb dhe t\u00eb kuptojn\u00eb momentin historik ku ndodhet Partia Demokratike dhe t\u00eb mos b\u00ebhen instrumente t\u00eb shkaterrimit t\u00eb saj thjesht p\u00ebr t\u00eb ardhmen dhe t\u00eb shkuaren e nj\u00eb personi i cili me veprimet dhe mosveprimet e tij e ka percaktuar vet\u00eb fatin e vet. I ftoj me modesti e shqetesim demokratet t\u00eb mos i bashkangjiten kesaj shfaqje t\u00eb shemtuar q\u00eb po e b\u00ebn PD-n\u00eb forcen kryesore opozitare n\u00eb Shqiperi qesharake perpara shoq\u00ebris\u00eb dhe opinionit publik shqiptar.<\/p>\n","protected":false},"excerpt":{"rendered":"<p>Deputeti i PD Agron Gjekmarkaj, i rreshtuar krah Lulzim Bash\u00ebs shkruan p\u00ebr situat\u00ebn n\u00eb selin\u00eb blu. Ai thot\u00eb se dhuna p\u00ebr karrige personale nuk \u00ebsht\u00eb alternativ\u00eb e prej saj nuk rritet asnj\u00eb filiz shprese. Sh\u00ebnimi i plot\u00eb i Agron Gjekmarkaj: Nj\u00eb gjuh\u00eb dhun\u00eb vertitet mbi Partin\u00eb Demokratike! Dhuna \u00ebsht\u00eb primitive, instrument i kohes kur njeriu [&hellip;]<\/p>\n","protected":false},"author":2030,"featured_media":183661,"comment_status":"closed","ping_status":"closed","sticky":false,"template":"","format":"standard","meta":{"footnotes":""},"categories":[241,3366,5380,231,1454],"tags":[],"class_list":{"0":"post-229043","1":"post","2":"type-post","3":"status-publish","4":"format-standard","5":"has-post-thumbnail","7":"category-aktualitet","8":"category-koment","9":"category-kryesore","10":"category-lajme","11":"category-politike"},"_links":{"self":[{"href":"https:\/\/zjarr.tv\/sq\/wp-json\/wp\/v2\/posts\/229043","targetHints":{"allow":["GET"]}}],"collection":[{"href":"https:\/\/zjarr.tv\/sq\/wp-json\/wp\/v2\/posts"}],"about":[{"href":"https:\/\/zjarr.tv\/sq\/wp-json\/wp\/v2\/types\/post"}],"author":[{"embeddable":true,"href":"https:\/\/zjarr.tv\/sq\/wp-json\/wp\/v2\/users\/2030"}],"replies":[{"embeddable":true,"href":"https:\/\/zjarr.tv\/sq\/wp-json\/wp\/v2\/comments?post=229043"}],"version-history":[{"count":0,"href":"https:\/\/zjarr.tv\/sq\/wp-json\/wp\/v2\/posts\/229043\/revisions"}],"wp:featuredmedia":[{"embeddable":true,"href":"https:\/\/zjarr.tv\/sq\/wp-json\/wp\/v2\/media\/183661"}],"wp:attachment":[{"href":"https:\/\/zjarr.tv\/sq\/wp-json\/wp\/v2\/media?parent=229043"}],"wp:term":[{"taxonomy":"category","embeddable":true,"href":"https:\/\/zjarr.tv\/sq\/wp-json\/wp\/v2\/categories?post=229043"},{"taxonomy":"post_tag","embeddable":true,"href":"https:\/\/zjarr.tv\/sq\/wp-json\/wp\/v2\/tags?post=229043"}],"curies":[{"name":"wp","href":"https:\/\/api.w.org\/{rel}","templated":true}]}}