{"id":229046,"date":"2022-01-07T17:13:31","date_gmt":"2022-01-07T16:13:31","guid":{"rendered":"https:\/\/zjarr.tv\/?p=229046"},"modified":"2022-01-07T17:13:31","modified_gmt":"2022-01-07T16:13:31","slug":"jam-qytetar-me-probleme-une-berisha-ulet-ne-lokalin-prane-pd-do-tju-qeras-me-nje-kafe-jo-raki-se-trembet-gazi","status":"publish","type":"post","link":"https:\/\/zjarr.tv\/sq\/jam-qytetar-me-probleme-une-berisha-ulet-ne-lokalin-prane-pd-do-tju-qeras-me-nje-kafe-jo-raki-se-trembet-gazi\/","title":{"rendered":"\u201cJam qytetar me probleme un\u00eb\u201d, Berisha ulet n\u00eb lokalin pran\u00eb PD: Do t\u2019ju qeras me nj\u00eb kafe, jo raki se trembet Gazi"},"content":{"rendered":"<p>Ish-kryeministri Sali Berisha, i shoq\u00ebruar nga komisioni i rithemelimit t\u00eb PD-s\u00eb, ka zgjedhur t\u00eb ulet n\u00eb nj\u00eb lokal pran\u00eb selis\u00eb s\u00eb Partis\u00eb Demokratike, pas prononcimit q\u00eb dha p\u00ebr media.<\/p>\n<p>Teksa u ul n\u00eb lokal, Berisha nuk kurseu as batutat me gazetar\u00ebt dhe kameraman\u00ebt e shumt\u00eb q\u00eb e rrethonin duke q\u00ebndruar n\u00eb k\u00ebmb\u00eb. Ai i ftoi t\u00eb ulen duke shprehur d\u00ebshir\u00ebn p\u00ebr t\u2019i qerasur me kafe.<\/p>\n<p>Batutat e Berish\u00ebs nga lokali:<\/p>\n<p>Berisha: U thuaj s\u2019kemi pun\u00eb, keni ardhur p\u00ebr misione q\u00eb nuk mund t\u2019i pranojm\u00eb. Ky lokal i mrekulluesh\u00ebm ka mision tjet\u00ebr. Ka mision t\u2019i sh\u00ebrbej\u00eb qytetar\u00ebve dhe demokrat\u00ebve. Jeni dakord apo jo, qytetar jam dhe un\u00eb, qytetar me probleme. N\u00eb fakt problemet m\u00eb t\u00eb m\u00ebdha i ka Lulzim Basha.<\/p>\n<p>Berisha: Sot e keni nj\u00eb kafe nga un\u00eb. Uluni se do u qeras me nj\u00eb kafe, si urim p\u00ebr Vitin e Ri. Kafe, raki n\u00eb orar t\u00eb pun\u00ebs n\u00eb asnj\u00eb m\u00ebnyr\u00eb, se trembet Gazi.<\/p>\n<p>Berisha: Ju lutem, a do t\u00eb uleni t\u00eb merrni nga nj\u00eb kafe, se sado q\u00eb t\u00eb filmoni, ky mbetem un\u00eb.<\/p>\n","protected":false},"excerpt":{"rendered":"<p>Ish-kryeministri Sali Berisha, i shoq\u00ebruar nga komisioni i rithemelimit t\u00eb PD-s\u00eb, ka zgjedhur t\u00eb ulet n\u00eb nj\u00eb lokal pran\u00eb selis\u00eb s\u00eb Partis\u00eb Demokratike, pas prononcimit q\u00eb dha p\u00ebr media. Teksa u ul n\u00eb lokal, Berisha nuk kurseu as batutat me gazetar\u00ebt dhe kameraman\u00ebt e shumt\u00eb q\u00eb e rrethonin duke q\u00ebndruar n\u00eb k\u00ebmb\u00eb. Ai i ftoi [&hellip;]<\/p>\n","protected":false},"author":2030,"featured_media":229047,"comment_status":"closed","ping_status":"closed","sticky":false,"template":"","format":"standard","meta":{"footnotes":""},"categories":[241,3366,1454],"tags":[],"class_list":{"0":"post-229046","1":"post","2":"type-post","3":"status-publish","4":"format-standard","5":"has-post-thumbnail","7":"category-aktualitet","8":"category-koment","9":"category-politike"},"_links":{"self":[{"href":"https:\/\/zjarr.tv\/sq\/wp-json\/wp\/v2\/posts\/229046","targetHints":{"allow":["GET"]}}],"collection":[{"href":"https:\/\/zjarr.tv\/sq\/wp-json\/wp\/v2\/posts"}],"about":[{"href":"https:\/\/zjarr.tv\/sq\/wp-json\/wp\/v2\/types\/post"}],"author":[{"embeddable":true,"href":"https:\/\/zjarr.tv\/sq\/wp-json\/wp\/v2\/users\/2030"}],"replies":[{"embeddable":true,"href":"https:\/\/zjarr.tv\/sq\/wp-json\/wp\/v2\/comments?post=229046"}],"version-history":[{"count":0,"href":"https:\/\/zjarr.tv\/sq\/wp-json\/wp\/v2\/posts\/229046\/revisions"}],"wp:featuredmedia":[{"embeddable":true,"href":"https:\/\/zjarr.tv\/sq\/wp-json\/wp\/v2\/media\/229047"}],"wp:attachment":[{"href":"https:\/\/zjarr.tv\/sq\/wp-json\/wp\/v2\/media?parent=229046"}],"wp:term":[{"taxonomy":"category","embeddable":true,"href":"https:\/\/zjarr.tv\/sq\/wp-json\/wp\/v2\/categories?post=229046"},{"taxonomy":"post_tag","embeddable":true,"href":"https:\/\/zjarr.tv\/sq\/wp-json\/wp\/v2\/tags?post=229046"}],"curies":[{"name":"wp","href":"https:\/\/api.w.org\/{rel}","templated":true}]}}