{"id":229050,"date":"2022-01-07T17:16:12","date_gmt":"2022-01-07T16:16:12","guid":{"rendered":"https:\/\/zjarr.tv\/?p=229050"},"modified":"2022-01-07T17:16:12","modified_gmt":"2022-01-07T16:16:12","slug":"merr-detyren-komandanti-i-ri-i-forces-detare-peleshi-kunderadmiral-agastra-eshte-garancia-per-konsolidimin-e-arritjeve","status":"publish","type":"post","link":"https:\/\/zjarr.tv\/sq\/merr-detyren-komandanti-i-ri-i-forces-detare-peleshi-kunderadmiral-agastra-eshte-garancia-per-konsolidimin-e-arritjeve\/","title":{"rendered":"Merr detyr\u00ebn komandanti i ri i Forc\u00ebs Detare, Peleshi: Kund\u00ebradmiral Agastra, \u00ebsht\u00eb garancia p\u00ebr konsolidimin e arritjeve"},"content":{"rendered":"<p>Kund\u00ebradmiral Adnan Agastra mori zyrtarisht detyr\u00ebn e komandantit t\u00eb Forc\u00ebs Detare shqiptare n\u00eb nj\u00eb ceremoni ku mor\u00ebn pjes\u00eb ministri i Mbrojtjes Niko Peleshi, z\u00ebvend\u00ebsshefja e Shtabit t\u00eb P\u00ebrgjithsh\u00ebm t\u00eb FA gjeneralmajor Manushaqe Shehu, komandant\u00ebt e forcave si dhe ushtarak\u00eb t\u00eb FD. Detyra iu dor\u00ebzua kund\u00ebradmiral Agastr\u00ebs nga paraardh\u00ebsi i tij gjeneral brigade Ilir Xhebexhia, i cili i dor\u00ebzoi edhe flamurin luftarak t\u00eb Forc\u00ebs Detare.<\/p>\n<p>Ministri i Mbrojtjes Niko Peleshi fal\u00ebnderoi gjeneral brigade Xhebexhian p\u00ebr kontributin e tij t\u00eb deritanish\u00ebm n\u00eb krye t\u00eb Forc\u00ebs Detare dhe shprehu bindjen se komandanti i ri ka t\u00eb gjitha aft\u00ebsit\u00eb p\u00ebr t\u2019i \u00e7uar m\u00eb tej arritjet n\u00eb k\u00ebt\u00eb forc\u00eb. \u201cDuke e uruar gjeneralbrigade Xhebexhin p\u00ebr nj\u00eb vijim t\u00eb suksessh\u00ebm n\u00eb detyra t\u00eb tjera t\u00eb karrier\u00ebs ushtarake, shpreh bindjen se ai ndjehet i nderuar edhe q\u00eb stafet\u00ebn ia l\u00eb nj\u00eb prej profesionist\u00ebve t\u00eb spikatur dhe me ambicie t\u00eb larta p\u00ebr t\u00eb b\u00ebr\u00eb m\u00eb t\u00eb mir\u00ebn, si\u00e7 \u00ebsht\u00eb kund\u00ebradmiral Agastra. Me nj\u00eb karrier\u00eb t\u00eb gjat\u00eb dhe dinjitoze, me nj\u00eb angazhim, eksperienc\u00eb dhe kontribut pothuajse n\u00eb \u00e7do fush\u00eb dhe nivel t\u00eb aktivitetit t\u00eb FA n\u00eb p\u00ebrgjith\u00ebsi, dhe t\u00eb Forc\u00ebs Detare n\u00eb ve\u00e7anti, brenda dhe jasht\u00eb vendit, kund\u00ebradmiral Agastra, \u00ebsht\u00eb siguria dhe garancia e t\u00eb gjith\u00ebve p\u00ebr konsolidimin e arritjeve, progres t\u00eb m\u00ebtejsh\u00ebm dhe realizim t\u00eb detyrave.\u201d<\/p>\n<p>Ministri Peleshi foli edhe p\u00ebr avantazhet q\u00eb premton buxheti i rritur i Mbrojtjes, si n\u00eb modernizimin e FA ashtu edhe n\u00eb trajtimin financiar t\u00eb ushtarak\u00ebve. \u201cDo t\u00eb jet\u00eb nj\u00eb vit me shum\u00eb sfida. Natyrisht kemi nj\u00eb buxhet 32% m\u00eb t\u00eb lart\u00eb sesa buxheti i vitit t\u00eb kaluar, kemi 65% m\u00eb shum\u00eb buxhet p\u00ebr modernizimin e FA, kemi nj\u00eb sistem pagash p\u00ebr k\u00ebt\u00eb vit t\u00eb planifikuar n\u00eb buxhet prej 30% m\u00eb shum\u00eb n\u00eb t\u00eb gjith\u00eb nivelet nga ushtari baz\u00eb deri te gjenerali, q\u00eb do t\u00eb thot\u00eb edhe n\u00eb pjes\u00ebn materiale p\u00ebrve\u00e7 asaj morale dhe do t\u2019i japin m\u00eb shum\u00eb motiv t\u00eb rinjve, t\u00eb rejave edhe t\u00eb gjith\u00eb efektiv\u00ebve t\u00eb FA p\u00ebr t\u00eb kontribuar.\u201d<\/p>\n<p>Edhe komandanti i ri, kund\u00ebradmiral Agastra e vendosi theksin te modernizimi i FD, i cili si\u00e7 tha ai, synon rritjen e kapaciteteve t\u00eb anijeve luftarake t\u00eb flot\u00ebs son\u00eb, jo vet\u00ebm si nj\u00eb domosdoshm\u00ebri e rritjes s\u00eb siguris\u00eb komb\u00ebtare, por edhe kontributit n\u00eb Aleanc\u00eb.<\/p>\n<p>Kund\u00ebradmiral Adnan Agastra, me propozim t\u00eb ministrit t\u00eb Mbrojtjes, u em\u00ebrua komandant i Forc\u00ebs Detare me dekret t\u00eb presidentit t\u00eb Republik\u00ebs, duke u b\u00ebr\u00eb komandanti i 19-t\u00eb i flot\u00ebs detare shqiptare.<\/p>\n","protected":false},"excerpt":{"rendered":"<p>Kund\u00ebradmiral Adnan Agastra mori zyrtarisht detyr\u00ebn e komandantit t\u00eb Forc\u00ebs Detare shqiptare n\u00eb nj\u00eb ceremoni ku mor\u00ebn pjes\u00eb ministri i Mbrojtjes Niko Peleshi, z\u00ebvend\u00ebsshefja e Shtabit t\u00eb P\u00ebrgjithsh\u00ebm t\u00eb FA gjeneralmajor Manushaqe Shehu, komandant\u00ebt e forcave si dhe ushtarak\u00eb t\u00eb FD. Detyra iu dor\u00ebzua kund\u00ebradmiral Agastr\u00ebs nga paraardh\u00ebsi i tij gjeneral brigade Ilir Xhebexhia, i [&hellip;]<\/p>\n","protected":false},"author":2030,"featured_media":229051,"comment_status":"closed","ping_status":"closed","sticky":false,"template":"","format":"standard","meta":{"footnotes":""},"categories":[241,5380,231],"tags":[],"class_list":{"0":"post-229050","1":"post","2":"type-post","3":"status-publish","4":"format-standard","5":"has-post-thumbnail","7":"category-aktualitet","8":"category-kryesore","9":"category-lajme"},"_links":{"self":[{"href":"https:\/\/zjarr.tv\/sq\/wp-json\/wp\/v2\/posts\/229050","targetHints":{"allow":["GET"]}}],"collection":[{"href":"https:\/\/zjarr.tv\/sq\/wp-json\/wp\/v2\/posts"}],"about":[{"href":"https:\/\/zjarr.tv\/sq\/wp-json\/wp\/v2\/types\/post"}],"author":[{"embeddable":true,"href":"https:\/\/zjarr.tv\/sq\/wp-json\/wp\/v2\/users\/2030"}],"replies":[{"embeddable":true,"href":"https:\/\/zjarr.tv\/sq\/wp-json\/wp\/v2\/comments?post=229050"}],"version-history":[{"count":0,"href":"https:\/\/zjarr.tv\/sq\/wp-json\/wp\/v2\/posts\/229050\/revisions"}],"wp:featuredmedia":[{"embeddable":true,"href":"https:\/\/zjarr.tv\/sq\/wp-json\/wp\/v2\/media\/229051"}],"wp:attachment":[{"href":"https:\/\/zjarr.tv\/sq\/wp-json\/wp\/v2\/media?parent=229050"}],"wp:term":[{"taxonomy":"category","embeddable":true,"href":"https:\/\/zjarr.tv\/sq\/wp-json\/wp\/v2\/categories?post=229050"},{"taxonomy":"post_tag","embeddable":true,"href":"https:\/\/zjarr.tv\/sq\/wp-json\/wp\/v2\/tags?post=229050"}],"curies":[{"name":"wp","href":"https:\/\/api.w.org\/{rel}","templated":true}]}}