{"id":229054,"date":"2022-01-07T17:20:21","date_gmt":"2022-01-07T16:20:21","guid":{"rendered":"https:\/\/zjarr.tv\/?p=229054"},"modified":"2022-01-07T17:20:21","modified_gmt":"2022-01-07T16:20:21","slug":"fier-femija-3-vjec-dergohet-nga-kopshti-i-pajete-ne-spitalin-e-fierit-kishte-shenja-ne-qafe","status":"publish","type":"post","link":"https:\/\/zjarr.tv\/sq\/fier-femija-3-vjec-dergohet-nga-kopshti-i-pajete-ne-spitalin-e-fierit-kishte-shenja-ne-qafe\/","title":{"rendered":"Fier\/ F\u00ebmija 3 vje\u00e7 d\u00ebrgohet nga kopshti i pajet\u00eb n\u00eb Spitalin e Fierit, kishte shenja n\u00eb qaf\u00eb"},"content":{"rendered":"<p>Nj\u00eb f\u00ebmij\u00eb tre vje\u00e7 ka nd\u00ebrruar jet\u00eb n\u00eb qytetin e Fierit. Referuar njoftimit zyrtar t\u00eb Policis\u00eb b\u00ebhet me dije se i mituri ka qen\u00eb n\u00eb nj\u00eb kopsht privat dhe aty ka humbur jet\u00ebn. Shkaqet e ngjarjes s\u00eb r\u00ebnd\u00eb nuk dihen ende, nd\u00ebrkoh\u00eb q\u00eb grupi hetimor po punon p\u00ebr zbardhjen e saj.<\/p>\n<p><em>\u201cN\u00eb or\u00ebn 13:00, n\u00eb nj\u00eb kopsht privat n\u00eb qytetin e Fierit, ka nd\u00ebrruar jet\u00eb nj\u00eb f\u00ebmij\u00eb 3 vje\u00e7. Grupi hetimor po punon p\u00ebr zbardhjen e shkaqeve t\u00eb vdekjes s\u00eb f\u00ebmij\u00ebs\u201d,<\/em>\u00a0thot\u00eb Policia e Fierit n\u00eb njoftimin paraprak t\u00eb dh\u00ebn\u00eb pak m\u00eb par\u00eb.<\/p>\n<p>Paraprakisht b\u00ebhet me dije se vog\u00eblushi \u00ebsht\u00eb d\u00ebrguar n\u00eb spitalin e Fierit nga edukatoret por ka mb\u00ebrritur atje pa shenja jete. Nuk dihet ende se \u00e7far\u00eb i ka shkaktuar atij vdekjen, por n\u00eb qaf\u00eb 3 vje\u00e7ari ka pasur shenja.<\/p>\n","protected":false},"excerpt":{"rendered":"<p>Nj\u00eb f\u00ebmij\u00eb tre vje\u00e7 ka nd\u00ebrruar jet\u00eb n\u00eb qytetin e Fierit. Referuar njoftimit zyrtar t\u00eb Policis\u00eb b\u00ebhet me dije se i mituri ka qen\u00eb n\u00eb nj\u00eb kopsht privat dhe aty ka humbur jet\u00ebn. Shkaqet e ngjarjes s\u00eb r\u00ebnd\u00eb nuk dihen ende, nd\u00ebrkoh\u00eb q\u00eb grupi hetimor po punon p\u00ebr zbardhjen e saj. \u201cN\u00eb or\u00ebn 13:00, n\u00eb [&hellip;]<\/p>\n","protected":false},"author":2030,"featured_media":229055,"comment_status":"closed","ping_status":"closed","sticky":false,"template":"","format":"standard","meta":{"footnotes":""},"categories":[241,5380,231],"tags":[],"class_list":{"0":"post-229054","1":"post","2":"type-post","3":"status-publish","4":"format-standard","5":"has-post-thumbnail","7":"category-aktualitet","8":"category-kryesore","9":"category-lajme"},"_links":{"self":[{"href":"https:\/\/zjarr.tv\/sq\/wp-json\/wp\/v2\/posts\/229054","targetHints":{"allow":["GET"]}}],"collection":[{"href":"https:\/\/zjarr.tv\/sq\/wp-json\/wp\/v2\/posts"}],"about":[{"href":"https:\/\/zjarr.tv\/sq\/wp-json\/wp\/v2\/types\/post"}],"author":[{"embeddable":true,"href":"https:\/\/zjarr.tv\/sq\/wp-json\/wp\/v2\/users\/2030"}],"replies":[{"embeddable":true,"href":"https:\/\/zjarr.tv\/sq\/wp-json\/wp\/v2\/comments?post=229054"}],"version-history":[{"count":0,"href":"https:\/\/zjarr.tv\/sq\/wp-json\/wp\/v2\/posts\/229054\/revisions"}],"wp:featuredmedia":[{"embeddable":true,"href":"https:\/\/zjarr.tv\/sq\/wp-json\/wp\/v2\/media\/229055"}],"wp:attachment":[{"href":"https:\/\/zjarr.tv\/sq\/wp-json\/wp\/v2\/media?parent=229054"}],"wp:term":[{"taxonomy":"category","embeddable":true,"href":"https:\/\/zjarr.tv\/sq\/wp-json\/wp\/v2\/categories?post=229054"},{"taxonomy":"post_tag","embeddable":true,"href":"https:\/\/zjarr.tv\/sq\/wp-json\/wp\/v2\/tags?post=229054"}],"curies":[{"name":"wp","href":"https:\/\/api.w.org\/{rel}","templated":true}]}}