{"id":229058,"date":"2022-01-07T17:23:31","date_gmt":"2022-01-07T16:23:31","guid":{"rendered":"https:\/\/zjarr.tv\/?p=229058"},"modified":"2022-01-07T17:23:31","modified_gmt":"2022-01-07T16:23:31","slug":"gazetaret-i-kerkojne-te-futen-ne-seli-bardhi-po-kryhen-punime-ska-dyer-e-dritare-te-blinduara","status":"publish","type":"post","link":"https:\/\/zjarr.tv\/sq\/gazetaret-i-kerkojne-te-futen-ne-seli-bardhi-po-kryhen-punime-ska-dyer-e-dritare-te-blinduara\/","title":{"rendered":"Gazetar\u00ebt i k\u00ebrkojn\u00eb t\u00eb futen n\u00eb seli, Bardhi: Po kryhen punime, s\u2019ka dyer e dritare t\u00eb blinduara"},"content":{"rendered":"<p>Sekretari i P\u00ebrgjithsh\u00ebm i PD, Gazment Bardhi, deklaroi se jan\u00eb t\u00eb p\u00ebrgatitur p\u00ebr t\u00eb shmangur \u00e7do p\u00ebrballje dhune mes demokrat\u00ebve. Ai deklaroi se n\u00eb PD nuk ka asnj\u00eb der\u00eb apo dritare t\u00eb blinduar, nd\u00ebrsa n\u00ebnvizoi se media nuk lejohet t\u00eb futet n\u00eb seli, pasi po kryhen punime.<\/p>\n<p>\u201cAjo q\u00eb po thoja \u00ebsht\u00eb q\u00eb \u00ebsht\u00eb fakt i njohur publik q\u00eb n\u00eb selin\u00eb qendrore t\u00eb PD po kryhen punime. Jan\u00eb duke u b\u00ebr\u00eb punime nga m\u00eb t\u00eb ndryshme. Me p\u00ebrgjegj\u00ebsin\u00eb q\u00eb na kan\u00eb ngarkuar demokrat\u00ebt \u00ebsht\u00eb detyra jon\u00eb p\u00ebr t\u00eb marr\u00eb masa p\u00ebr t\u00eb shmangur p\u00ebrplasje mes demokrat\u00ebve. Nuk mundemi ne q\u00eb Berisha ka humbur arsyen dhe ne t\u00eb lejom\u00eb k\u00ebt\u00eb show e t\u2019ia b\u00ebjm\u00eb k\u00ebt\u00eb dhurat\u00eb Edi Ram\u00ebs. Berisha po p\u00ebrplas demokrat\u00ebt me demokrat\u00ebt p\u00ebr interesin personal. Interesi yn\u00eb \u00ebsht\u00eb t\u00eb shmangim p\u00ebrplasjen me demokrat\u00ebt. Nuk ka asnj\u00eb der\u00eb t\u00eb blinduar t\u00eb asnj\u00eb zyre t\u00eb PD.<\/p>\n<p>\u00c7do zyr\u00eb t\u00eb PD kan\u00eb t\u00eb nj\u00ebjtat zyra dhe dritare q\u00eb kan\u00eb pasur. Dritaret me blind nuk jan\u00eb p\u00ebrforcuar me hekur. E vetmja der\u00eb e p\u00ebrforcuar me hekur \u00ebsht\u00eb vet\u00ebm ajo e impianteve. Brenda selis\u00eb qendrore jan\u00eb duke punuar. \u00cbsht\u00eb problem edhe p\u00ebr administrat\u00ebn. Media interesin m\u00eb t\u00eb lart\u00eb t\u00eb vetin kan\u00eb se \u00e7far\u00eb ngjyre po lyhen muret e PD, por kjo ka zero interes p\u00ebr interesin publik. R\u00ebnd\u00ebsi ka transparenca. Dyert e PD nuk hapen sepse jan\u00eb duke kryer punime. Ajo q\u00eb po them \u00ebsht\u00eb se nuk kam premtuar q\u00eb do t\u2019ju fus brenda PD p\u00ebr t\u2019ju shuar kureshtjen. Nes\u00ebr n\u00eb selin\u00eb e PD do t\u00eb jet\u00eb nj\u00eb dit\u00eb normale pune, duke filluar nga kryetari i partis\u00eb, n\u00ebnkryetar\u00ebt, deputet\u00ebt dhe an\u00ebtar\u00ebt e k\u00ebshillit komb\u00ebtar. \u00cbsht\u00eb nj\u00eb dit\u00eb normale pune p\u00ebr PD. \u00cbsht\u00eb nj\u00eb dit\u00eb anormale nga shoqata \u2018non grata\u2019.<\/p>\n<p>\u00cbsht\u00eb e paimagjinueshme q\u00eb t\u00eb ftohen demokrat\u00ebt t\u00eb ushtrojn\u00eb dhun\u00eb ndaj demokrat\u00ebve. PD financohet privatisht dhe nga buxheti i shtetit, \u00e7do harxhim i saj \u00ebsht\u00eb publik.<\/p>\n<p>Nuk ka asnj\u00eb person t\u00eb maskuar n\u00eb selin\u00eb e PD. Nuk ka asnj\u00eb person me precedent n\u00eb seli. Nuk ka kriminel\u00eb, secil\u00ebn prej k\u00ebtyre kategorive v\u00ebzhgojeni n\u00eb koh\u00ebn q\u00eb n\u00eb seli ndodhet Sali Berisha. Ne do t\u00eb respektojm\u00eb 90% t\u00eb vullnetit t\u00eb an\u00ebtar\u00ebve t\u00eb PD dhe nj\u00ebsis\u00eb tet\u00eb, t\u00eb cil\u00ebt kan\u00eb vendosur t\u00eb zgjedhin t\u00eb ardhmen. Kan\u00eb braktisur shoqat\u00ebn non grata t\u00eb Sali Berish\u00ebs dhe kan\u00eb vendosur t\u2019i sh\u00ebrbejn\u00eb interesit t\u00eb demokrat\u00ebve dhe Shqip\u00ebris\u00eb\u201d, tha Bardhi.<\/p>\n","protected":false},"excerpt":{"rendered":"<p>Sekretari i P\u00ebrgjithsh\u00ebm i PD, Gazment Bardhi, deklaroi se jan\u00eb t\u00eb p\u00ebrgatitur p\u00ebr t\u00eb shmangur \u00e7do p\u00ebrballje dhune mes demokrat\u00ebve. Ai deklaroi se n\u00eb PD nuk ka asnj\u00eb der\u00eb apo dritare t\u00eb blinduar, nd\u00ebrsa n\u00ebnvizoi se media nuk lejohet t\u00eb futet n\u00eb seli, pasi po kryhen punime. \u201cAjo q\u00eb po thoja \u00ebsht\u00eb q\u00eb \u00ebsht\u00eb fakt [&hellip;]<\/p>\n","protected":false},"author":2030,"featured_media":229059,"comment_status":"closed","ping_status":"closed","sticky":false,"template":"","format":"standard","meta":{"footnotes":""},"categories":[241,3366,5380,231,1454],"tags":[],"class_list":{"0":"post-229058","1":"post","2":"type-post","3":"status-publish","4":"format-standard","5":"has-post-thumbnail","7":"category-aktualitet","8":"category-koment","9":"category-kryesore","10":"category-lajme","11":"category-politike"},"_links":{"self":[{"href":"https:\/\/zjarr.tv\/sq\/wp-json\/wp\/v2\/posts\/229058","targetHints":{"allow":["GET"]}}],"collection":[{"href":"https:\/\/zjarr.tv\/sq\/wp-json\/wp\/v2\/posts"}],"about":[{"href":"https:\/\/zjarr.tv\/sq\/wp-json\/wp\/v2\/types\/post"}],"author":[{"embeddable":true,"href":"https:\/\/zjarr.tv\/sq\/wp-json\/wp\/v2\/users\/2030"}],"replies":[{"embeddable":true,"href":"https:\/\/zjarr.tv\/sq\/wp-json\/wp\/v2\/comments?post=229058"}],"version-history":[{"count":0,"href":"https:\/\/zjarr.tv\/sq\/wp-json\/wp\/v2\/posts\/229058\/revisions"}],"wp:featuredmedia":[{"embeddable":true,"href":"https:\/\/zjarr.tv\/sq\/wp-json\/wp\/v2\/media\/229059"}],"wp:attachment":[{"href":"https:\/\/zjarr.tv\/sq\/wp-json\/wp\/v2\/media?parent=229058"}],"wp:term":[{"taxonomy":"category","embeddable":true,"href":"https:\/\/zjarr.tv\/sq\/wp-json\/wp\/v2\/categories?post=229058"},{"taxonomy":"post_tag","embeddable":true,"href":"https:\/\/zjarr.tv\/sq\/wp-json\/wp\/v2\/tags?post=229058"}],"curies":[{"name":"wp","href":"https:\/\/api.w.org\/{rel}","templated":true}]}}