{"id":229062,"date":"2022-01-07T17:27:01","date_gmt":"2022-01-07T16:27:01","guid":{"rendered":"https:\/\/zjarr.tv\/?p=229062"},"modified":"2022-01-07T17:27:01","modified_gmt":"2022-01-07T16:27:01","slug":"flet-daja-i-3-vjecarit-qe-nderroi-jete-ne-kopsht-djali-kishte-nje-shenje-ne-qafe-kerkojme-drejtesi","status":"publish","type":"post","link":"https:\/\/zjarr.tv\/sq\/flet-daja-i-3-vjecarit-qe-nderroi-jete-ne-kopsht-djali-kishte-nje-shenje-ne-qafe-kerkojme-drejtesi\/","title":{"rendered":"Flet daja i 3-vje\u00e7arit q\u00eb nd\u00ebrroi jet\u00eb n\u00eb kopsht: Djali kishte nj\u00eb shenj\u00eb n\u00eb qaf\u00eb, k\u00ebrkojm\u00eb drejt\u00ebsi"},"content":{"rendered":"<p>Detaje t\u00eb reja jan\u00eb zbardhur nga ngjarja tragjike n\u00eb Fier ku nj\u00eb f\u00ebmij\u00eb 3 vje\u00e7 nd\u00ebrroi jet\u00eb sot n\u00eb kop\u00ebsht. Daja i t\u00eb miturit ka dh\u00ebn\u00eb d\u00ebshmin\u00eb e tij, duke u shprehur se doktori i kishte informuar se 3-vje\u00e7ari kishte mb\u00ebrritur pa shenja jete n\u00eb spital dhe se n\u00eb qaf\u00eb kishte nj\u00eb shenj\u00eb.<\/p>\n<p>Ai b\u00ebn thirrje p\u00ebr drejt\u00ebsi p\u00ebr t\u00eb zbuluar shkakun e vdekjes s\u00eb t\u00eb voglit.<\/p>\n<p>\u201cE \u00e7uam djalin n\u00eb m\u00ebngjes n\u00eb kop\u00ebsht p\u00ebr t\u00eb m\u00ebsuar dhe edukuar. Tani na erdhi lajmi \u201cejani se djalin e keni keq\u201d. Erdh\u00ebm n\u00eb urgjenc\u00eb dhe takuam doktorin. Doktori na tha se djali kishte nj\u00eb shenj\u00eb n\u00eb gryk\u00eb, na tha se djali erdhi n\u00eb spital pajet\u00eb. K\u00ebrkojm\u00eb drejt\u00ebsi p\u00ebr vde*kjen e djalit\u201d, u shpreh daja.<\/p>\n","protected":false},"excerpt":{"rendered":"<p>Detaje t\u00eb reja jan\u00eb zbardhur nga ngjarja tragjike n\u00eb Fier ku nj\u00eb f\u00ebmij\u00eb 3 vje\u00e7 nd\u00ebrroi jet\u00eb sot n\u00eb kop\u00ebsht. Daja i t\u00eb miturit ka dh\u00ebn\u00eb d\u00ebshmin\u00eb e tij, duke u shprehur se doktori i kishte informuar se 3-vje\u00e7ari kishte mb\u00ebrritur pa shenja jete n\u00eb spital dhe se n\u00eb qaf\u00eb kishte nj\u00eb shenj\u00eb. Ai b\u00ebn [&hellip;]<\/p>\n","protected":false},"author":2030,"featured_media":229063,"comment_status":"closed","ping_status":"closed","sticky":false,"template":"","format":"standard","meta":{"footnotes":""},"categories":[241,3366,5380,231],"tags":[],"class_list":{"0":"post-229062","1":"post","2":"type-post","3":"status-publish","4":"format-standard","5":"has-post-thumbnail","7":"category-aktualitet","8":"category-koment","9":"category-kryesore","10":"category-lajme"},"_links":{"self":[{"href":"https:\/\/zjarr.tv\/sq\/wp-json\/wp\/v2\/posts\/229062","targetHints":{"allow":["GET"]}}],"collection":[{"href":"https:\/\/zjarr.tv\/sq\/wp-json\/wp\/v2\/posts"}],"about":[{"href":"https:\/\/zjarr.tv\/sq\/wp-json\/wp\/v2\/types\/post"}],"author":[{"embeddable":true,"href":"https:\/\/zjarr.tv\/sq\/wp-json\/wp\/v2\/users\/2030"}],"replies":[{"embeddable":true,"href":"https:\/\/zjarr.tv\/sq\/wp-json\/wp\/v2\/comments?post=229062"}],"version-history":[{"count":0,"href":"https:\/\/zjarr.tv\/sq\/wp-json\/wp\/v2\/posts\/229062\/revisions"}],"wp:featuredmedia":[{"embeddable":true,"href":"https:\/\/zjarr.tv\/sq\/wp-json\/wp\/v2\/media\/229063"}],"wp:attachment":[{"href":"https:\/\/zjarr.tv\/sq\/wp-json\/wp\/v2\/media?parent=229062"}],"wp:term":[{"taxonomy":"category","embeddable":true,"href":"https:\/\/zjarr.tv\/sq\/wp-json\/wp\/v2\/categories?post=229062"},{"taxonomy":"post_tag","embeddable":true,"href":"https:\/\/zjarr.tv\/sq\/wp-json\/wp\/v2\/tags?post=229062"}],"curies":[{"name":"wp","href":"https:\/\/api.w.org\/{rel}","templated":true}]}}