{"id":229084,"date":"2022-01-07T18:10:05","date_gmt":"2022-01-07T17:10:05","guid":{"rendered":"https:\/\/zjarr.tv\/?p=229084"},"modified":"2022-01-07T18:10:05","modified_gmt":"2022-01-07T17:10:05","slug":"boll-eshte-boll-basha-i-prere-me-berishen-ata-qe-shpallen-non-grata-nga-shba-nuk-mund-te-zgjidhen-ne-funksione-drejtuese-ne-pd","status":"publish","type":"post","link":"https:\/\/zjarr.tv\/sq\/boll-eshte-boll-basha-i-prere-me-berishen-ata-qe-shpallen-non-grata-nga-shba-nuk-mund-te-zgjidhen-ne-funksione-drejtuese-ne-pd\/","title":{"rendered":"\u2018Boll \u00ebsht\u00eb boll\u2019, Basha i prer\u00eb me Berish\u00ebn: Ata q\u00eb shpallen non grata nga SHBA nuk mund t\u00eb zgjidhen n\u00eb funksione drejtuese n\u00eb PD"},"content":{"rendered":"<p>Kreu i Partis\u00eb Demokratike Lulzim Basha n\u00eb nj\u00eb komunikim p\u00ebr mediat deklaroi se PD mori vendime t\u00eb guximshme n\u00eb lidhje me aleatin strategjik SHBA.<\/p>\n<p>Gjat\u00eb fjal\u00ebs s\u00eb tij ai theksoi se PD do t\u00eb vazhdoj\u00eb me bindjen se \u00ebsht\u00eb e vetmja forc\u00eb p\u00ebr ti dh\u00ebn\u00eb fund regjimit t\u00eb kryeministrit Edi Rama. Gjat\u00eb fjal\u00ebs s\u00eb tij ai theksoi se kushdo q\u00eb shpallet non grata nga SHBA nuk mund t\u00eb zgjidhet n\u00eb funksione drejtuese n\u00eb PD<\/p>\n<p>\u2018Ne mor\u00ebm vendime t\u00eb guximshme, n\u00eb linj\u00eb me aleatin ton\u00eb strategjik, SHBA, q\u00eb e ka vendosur luft\u00ebn kund\u00ebr korrupsionit si p\u00ebrpar\u00ebsi t\u00eb politik\u00ebs s\u00eb saj t\u00eb jashtme dhe ka\u00a0 ven\u00eb n\u00eb sh\u00ebnjest\u00ebr regjimet autokratike, armike t\u00eb demokracis\u00eb dhe mir\u00ebqenies. Ne e kthyem n\u00eb standard se ata q\u00eb shpallen non grata nga SHBA nuk mund t\u00eb zgjidhen n\u00eb funksione drejtuese n\u00eb PD.\u00a0\u00a0\u00a0 Ne i kemi hequr \u00e7do alibi Edi Ram\u00ebs p\u00ebr t\u00eb vazhduar qeverisjen e tij t\u00eb korruptuar deri ne palc\u00eb, t\u00eb ambalazhuar me estrad\u00eb, cirk, mashtrime dhe batuta\u00a0 t\u00eb dala boje tashm\u00eb. Ne do t\u00eb vazhdojm\u00eb si protagonist\u00eb t\u00eb ndryshimit, me bindjen se jemi forca e vetme politike q\u00eb mund ti jap\u00eb fund dhe do ti jap\u00eb fund regjimit t\u00eb Edi Ram\u00ebs. L\u00ebvizjet e Sali Berish\u00ebs, q\u00eb nga shtatori\u00a0 kur un\u00eb mora vendimin e p\u00ebr pezullimin e tij, e sot e gjith\u00eb dit\u00ebn,\u00a0 kan\u00eb sh\u00ebrbyer p\u00ebr t\u00eb zhurmuar e devijuar fokusin e betejes son\u00eb opozitare, rrjedhimisht duke i dh\u00ebn\u00eb oksigjen qeveris\u00eb.\u00a0 P\u00ebr hallin e tij q\u00eb as e ka nga ne, as ia zgjidhim dot ne, Sali Berisha ka thirrur nj\u00eb protest\u00eb kund\u00ebr Partis\u00eb Demokratike, n\u00eb t\u00eb v\u00ebrtet\u00eb kund\u00ebr SHBA.\u00a0 Ka nj\u00eb pik\u00eb kur boll \u00ebsht\u00eb boll\u2019, tha Basha.<\/p>\n","protected":false},"excerpt":{"rendered":"<p>Kreu i Partis\u00eb Demokratike Lulzim Basha n\u00eb nj\u00eb komunikim p\u00ebr mediat deklaroi se PD mori vendime t\u00eb guximshme n\u00eb lidhje me aleatin strategjik SHBA. Gjat\u00eb fjal\u00ebs s\u00eb tij ai theksoi se PD do t\u00eb vazhdoj\u00eb me bindjen se \u00ebsht\u00eb e vetmja forc\u00eb p\u00ebr ti dh\u00ebn\u00eb fund regjimit t\u00eb kryeministrit Edi Rama. Gjat\u00eb fjal\u00ebs s\u00eb tij [&hellip;]<\/p>\n","protected":false},"author":2030,"featured_media":229085,"comment_status":"closed","ping_status":"closed","sticky":false,"template":"","format":"standard","meta":{"footnotes":""},"categories":[241,3366,5380,231,1454],"tags":[],"class_list":{"0":"post-229084","1":"post","2":"type-post","3":"status-publish","4":"format-standard","5":"has-post-thumbnail","7":"category-aktualitet","8":"category-koment","9":"category-kryesore","10":"category-lajme","11":"category-politike"},"_links":{"self":[{"href":"https:\/\/zjarr.tv\/sq\/wp-json\/wp\/v2\/posts\/229084","targetHints":{"allow":["GET"]}}],"collection":[{"href":"https:\/\/zjarr.tv\/sq\/wp-json\/wp\/v2\/posts"}],"about":[{"href":"https:\/\/zjarr.tv\/sq\/wp-json\/wp\/v2\/types\/post"}],"author":[{"embeddable":true,"href":"https:\/\/zjarr.tv\/sq\/wp-json\/wp\/v2\/users\/2030"}],"replies":[{"embeddable":true,"href":"https:\/\/zjarr.tv\/sq\/wp-json\/wp\/v2\/comments?post=229084"}],"version-history":[{"count":0,"href":"https:\/\/zjarr.tv\/sq\/wp-json\/wp\/v2\/posts\/229084\/revisions"}],"wp:featuredmedia":[{"embeddable":true,"href":"https:\/\/zjarr.tv\/sq\/wp-json\/wp\/v2\/media\/229085"}],"wp:attachment":[{"href":"https:\/\/zjarr.tv\/sq\/wp-json\/wp\/v2\/media?parent=229084"}],"wp:term":[{"taxonomy":"category","embeddable":true,"href":"https:\/\/zjarr.tv\/sq\/wp-json\/wp\/v2\/categories?post=229084"},{"taxonomy":"post_tag","embeddable":true,"href":"https:\/\/zjarr.tv\/sq\/wp-json\/wp\/v2\/tags?post=229084"}],"curies":[{"name":"wp","href":"https:\/\/api.w.org\/{rel}","templated":true}]}}