{"id":229088,"date":"2022-01-07T18:12:10","date_gmt":"2022-01-07T17:12:10","guid":{"rendered":"https:\/\/zjarr.tv\/?p=229088"},"modified":"2022-01-07T18:12:10","modified_gmt":"2022-01-07T17:12:10","slug":"nje-grup-ka-bere-thirrje-per-proteste-para-pd-ambasada-amerikane-njofton-qytetaret-e-saj-shmangni-cdo-tubim-situata-mund-te","status":"publish","type":"post","link":"https:\/\/zjarr.tv\/sq\/nje-grup-ka-bere-thirrje-per-proteste-para-pd-ambasada-amerikane-njofton-qytetaret-e-saj-shmangni-cdo-tubim-situata-mund-te\/","title":{"rendered":"\u201cNj\u00eb grup ka b\u00ebr\u00eb thirrje p\u00ebr protest\u00eb para PD\u201d, Ambasada amerikane njofton qytetar\u00ebt e saj: Shmangni \u00e7do tubim, situata mund t\u00eb \u2026"},"content":{"rendered":"<p>Ambasada Amerikane ka reaguar p\u00ebr protest\u00ebn e thirrur nga ish-kryeministri Sali Berisha. N\u00ebp\u00ebrmjet nj\u00eb njoftimi zyrtar, ambasada b\u00ebn thirrje qytetar\u00ebt q\u00eb t\u00eb shmangin \u00e7do tubim t\u00eb madh n\u00eb qytet dhe demostratat, nd\u00ebrsa shton se shum\u00eb organizime mund t\u00eb zhvillohen n\u00eb m\u00ebnyr\u00eb paq\u00ebsore.<\/p>\n<p>Po ashtu b\u00ebn me dije se disa situata mund t\u00eb ndryshojn\u00eb dhe t\u00eb b\u00ebhen t\u00eb paparashikueshme dhe pjes\u00ebmarr\u00ebsit mund t\u00eb zhvendosen n\u00eb pjes\u00eb t\u00eb tjera t\u00eb qytetit. Kujtojm\u00eb se protesta \u00ebsht\u00eb paralajm\u00ebruar t\u00eb zhvillohet m\u00eb 8 janar para selis\u00eb s\u00eb Partis\u00eb Demokratike<\/p>\n<p>Njoftimi i plot\u00eb: Mesazh p\u00ebr qytetar\u00ebt amerikan\u00eb: Protesta e planifikuar m\u00eb 8 janar 2022<\/p>\n<p>Vendndodhja: Tiran\u00eb: Selia e Partis\u00eb Demokratike<\/p>\n<p>Data\/Ora: E shtun\u00eb, 8 janar 2022, duke filluar nga ora 12:00<\/p>\n<p>Qytetar\u00ebt amerikan\u00eb njoftohen se nj\u00eb grup ka b\u00ebr\u00eb thirrje p\u00ebr protest\u00eb n\u00eb selin\u00eb e Partis\u00eb Demokratike.<\/p>\n<p>Qytetar\u00ebt amerikan\u00eb k\u00ebshillohen t\u00eb shmangin \u00e7do tubim t\u00eb madh n\u00eb qytet. Nd\u00ebrsa shum\u00eb organizime t\u00eb m\u00ebdha publike mund t\u00eb zhvillohen n\u00eb m\u00ebnyr\u00eb paq\u00ebsore, disa situata mund t\u00eb ndryshojn\u00eb shpejt dhe n\u00eb m\u00ebnyr\u00eb t\u00eb paparashikueshme dhe pjes\u00ebmarr\u00ebsit mund t\u00eb zhvendosen n\u00eb pjes\u00eb t\u00eb tjera t\u00eb qytetit.<\/p>\n<p>Monitoroni mediat lokale p\u00ebr informacionet m\u00eb t\u00eb fundit dhe ndiqni udh\u00ebzimet e autoriteteve lokale t\u00eb zbatimit t\u00eb ligjit. Shmangni tubimet e m\u00ebdha dhe \u00e7do zon\u00eb ku demonstratat jan\u00eb t\u00eb pashmangshme ose n\u00eb vazhdim.<\/p>\n","protected":false},"excerpt":{"rendered":"<p>Ambasada Amerikane ka reaguar p\u00ebr protest\u00ebn e thirrur nga ish-kryeministri Sali Berisha. N\u00ebp\u00ebrmjet nj\u00eb njoftimi zyrtar, ambasada b\u00ebn thirrje qytetar\u00ebt q\u00eb t\u00eb shmangin \u00e7do tubim t\u00eb madh n\u00eb qytet dhe demostratat, nd\u00ebrsa shton se shum\u00eb organizime mund t\u00eb zhvillohen n\u00eb m\u00ebnyr\u00eb paq\u00ebsore. Po ashtu b\u00ebn me dije se disa situata mund t\u00eb ndryshojn\u00eb dhe t\u00eb [&hellip;]<\/p>\n","protected":false},"author":2030,"featured_media":169190,"comment_status":"closed","ping_status":"closed","sticky":false,"template":"","format":"standard","meta":{"footnotes":""},"categories":[241,5380,1454],"tags":[],"class_list":{"0":"post-229088","1":"post","2":"type-post","3":"status-publish","4":"format-standard","5":"has-post-thumbnail","7":"category-aktualitet","8":"category-kryesore","9":"category-politike"},"_links":{"self":[{"href":"https:\/\/zjarr.tv\/sq\/wp-json\/wp\/v2\/posts\/229088","targetHints":{"allow":["GET"]}}],"collection":[{"href":"https:\/\/zjarr.tv\/sq\/wp-json\/wp\/v2\/posts"}],"about":[{"href":"https:\/\/zjarr.tv\/sq\/wp-json\/wp\/v2\/types\/post"}],"author":[{"embeddable":true,"href":"https:\/\/zjarr.tv\/sq\/wp-json\/wp\/v2\/users\/2030"}],"replies":[{"embeddable":true,"href":"https:\/\/zjarr.tv\/sq\/wp-json\/wp\/v2\/comments?post=229088"}],"version-history":[{"count":0,"href":"https:\/\/zjarr.tv\/sq\/wp-json\/wp\/v2\/posts\/229088\/revisions"}],"wp:featuredmedia":[{"embeddable":true,"href":"https:\/\/zjarr.tv\/sq\/wp-json\/wp\/v2\/media\/169190"}],"wp:attachment":[{"href":"https:\/\/zjarr.tv\/sq\/wp-json\/wp\/v2\/media?parent=229088"}],"wp:term":[{"taxonomy":"category","embeddable":true,"href":"https:\/\/zjarr.tv\/sq\/wp-json\/wp\/v2\/categories?post=229088"},{"taxonomy":"post_tag","embeddable":true,"href":"https:\/\/zjarr.tv\/sq\/wp-json\/wp\/v2\/tags?post=229088"}],"curies":[{"name":"wp","href":"https:\/\/api.w.org\/{rel}","templated":true}]}}