{"id":229091,"date":"2022-01-07T18:16:19","date_gmt":"2022-01-07T17:16:19","guid":{"rendered":"https:\/\/zjarr.tv\/?p=229091"},"modified":"2022-01-07T18:16:19","modified_gmt":"2022-01-07T17:16:19","slug":"erdhi-casti-i-pritur-spartak-ngjela-ngritja-e-komandes-amerikane-ne-shqiperi-tamam-ne-kohen-kur-synohej-destabilizimi","status":"publish","type":"post","link":"https:\/\/zjarr.tv\/sq\/erdhi-casti-i-pritur-spartak-ngjela-ngritja-e-komandes-amerikane-ne-shqiperi-tamam-ne-kohen-kur-synohej-destabilizimi\/","title":{"rendered":"\u201cErdhi \u00e7asti i pritur\u201d, Spartak Ngjela: Ngritja e Komand\u00ebs Amerikane n\u00eb Shqip\u00ebri, tamam n\u00eb koh\u00ebn kur synohej destabilizimi"},"content":{"rendered":"<p>Avokati Spartak Ngjela komenton n\u00eb nj\u00eb postim n\u00eb \u201cfacebook\u201d ngritjen e shtabit pararoj\u00eb t\u00eb Komand\u00ebs Amerikane n\u00eb Shqip\u00ebri.<\/p>\n<p>P\u00ebr avokat Ngjel\u00ebn ky shtab \u201cka ardhur tamam n\u00eb koh\u00ebn kur orekset ruse dhe serbe ishin hapur me shpres\u00ebn e destabilizimit t\u00eb Shqip\u00ebris\u00eb nga aventura shterp\u00eb Berisha\u201d. Sipas tij, kjo tregon se Shqip\u00ebria ka qen\u00eb nj\u00eb pik\u00eb e nxeht\u00eb e konfliktit amerikano-rus p\u00ebr Ballkanin Per\u00ebndimor.<\/p>\n<p>Postimi i Ngjel\u00ebs:<\/p>\n<p>Erdhi \u00e7asti i pritur q\u00eb nga viti 1945: N\u00eb Shqip\u00ebri do t\u00eb vendoset nj\u00eb shtab pararoj\u00eb i Komand\u00ebs Operacioneve Speciale t\u00eb ushtris\u00eb amerikane n\u00eb Europ\u00eb. Isha i bindur q\u00eb do t\u00eb ndodhte; dhe ka ardhur tamam n\u00eb koh\u00ebn kur orekset ruse dhe serbe ishin hapur me shpres\u00ebn e destabilizimit t\u00eb Shqip\u00ebris\u00eb nga aventura shterp\u00eb Berisha.<\/p>\n<p>Gjithsesi, kjo tregon se Shqip\u00ebria ka qen\u00eb nj\u00eb pik\u00eb e nxeht\u00eb e konfliktit amerikano-rus p\u00ebr Ballkanin Per\u00ebndimor. Por \u00ebsht\u00eb nj\u00eb vler\u00ebsim i Shqip\u00ebris\u00eb n\u00eb ngritjen e personalitetit t\u00eb saj dhe t\u00eb r\u00ebnd\u00ebsis\u00eb nd\u00ebrkomb\u00ebtare. Gjithashtu \u00ebsht\u00eb edhe nj\u00eb mb\u00ebshtetje force p\u00ebr republik\u00ebn shqiptare t\u00eb Kosov\u00ebs.<\/p>\n<p>Viti 2022 nisi ashtu si\u00e7 pritej: forcim i m\u00ebtejsh\u00ebm i bot\u00ebs shqiptare n\u00eb Ballkanin Per\u00ebndimor. Suksesi \u00ebsht\u00eb i t\u00eb gjith\u00eb shqiptar\u00ebve.<\/p>\n","protected":false},"excerpt":{"rendered":"<p>Avokati Spartak Ngjela komenton n\u00eb nj\u00eb postim n\u00eb \u201cfacebook\u201d ngritjen e shtabit pararoj\u00eb t\u00eb Komand\u00ebs Amerikane n\u00eb Shqip\u00ebri. P\u00ebr avokat Ngjel\u00ebn ky shtab \u201cka ardhur tamam n\u00eb koh\u00ebn kur orekset ruse dhe serbe ishin hapur me shpres\u00ebn e destabilizimit t\u00eb Shqip\u00ebris\u00eb nga aventura shterp\u00eb Berisha\u201d. Sipas tij, kjo tregon se Shqip\u00ebria ka qen\u00eb nj\u00eb pik\u00eb [&hellip;]<\/p>\n","protected":false},"author":2030,"featured_media":169802,"comment_status":"closed","ping_status":"closed","sticky":false,"template":"","format":"standard","meta":{"footnotes":""},"categories":[241,3366,5380,231],"tags":[],"class_list":{"0":"post-229091","1":"post","2":"type-post","3":"status-publish","4":"format-standard","5":"has-post-thumbnail","7":"category-aktualitet","8":"category-koment","9":"category-kryesore","10":"category-lajme"},"_links":{"self":[{"href":"https:\/\/zjarr.tv\/sq\/wp-json\/wp\/v2\/posts\/229091","targetHints":{"allow":["GET"]}}],"collection":[{"href":"https:\/\/zjarr.tv\/sq\/wp-json\/wp\/v2\/posts"}],"about":[{"href":"https:\/\/zjarr.tv\/sq\/wp-json\/wp\/v2\/types\/post"}],"author":[{"embeddable":true,"href":"https:\/\/zjarr.tv\/sq\/wp-json\/wp\/v2\/users\/2030"}],"replies":[{"embeddable":true,"href":"https:\/\/zjarr.tv\/sq\/wp-json\/wp\/v2\/comments?post=229091"}],"version-history":[{"count":0,"href":"https:\/\/zjarr.tv\/sq\/wp-json\/wp\/v2\/posts\/229091\/revisions"}],"wp:featuredmedia":[{"embeddable":true,"href":"https:\/\/zjarr.tv\/sq\/wp-json\/wp\/v2\/media\/169802"}],"wp:attachment":[{"href":"https:\/\/zjarr.tv\/sq\/wp-json\/wp\/v2\/media?parent=229091"}],"wp:term":[{"taxonomy":"category","embeddable":true,"href":"https:\/\/zjarr.tv\/sq\/wp-json\/wp\/v2\/categories?post=229091"},{"taxonomy":"post_tag","embeddable":true,"href":"https:\/\/zjarr.tv\/sq\/wp-json\/wp\/v2\/tags?post=229091"}],"curies":[{"name":"wp","href":"https:\/\/api.w.org\/{rel}","templated":true}]}}