{"id":229094,"date":"2022-01-07T18:53:22","date_gmt":"2022-01-07T17:53:22","guid":{"rendered":"https:\/\/zjarr.tv\/?p=229094"},"modified":"2022-01-07T18:54:02","modified_gmt":"2022-01-07T17:54:02","slug":"deklarata-bombe-e-spartak-brahos-deputeti-i-opozites-me-keto-iniciale-rrezikon-eliminohet-ne-protesten-e-neserme","status":"publish","type":"post","link":"https:\/\/zjarr.tv\/sq\/deklarata-bombe-e-spartak-brahos-deputeti-i-opozites-me-keto-iniciale-rrezikon-eliminohet-ne-protesten-e-neserme\/","title":{"rendered":"Deklarata \u201cBOMB\u00cb\u201d e Spartak Brahos: Deputeti i opozit\u00ebs me k\u00ebto iniciale rrezikon eliminohet n\u00eb protest\u00ebn e nes\u00ebrme"},"content":{"rendered":"<p>Ish-deputeti Spartak Braho ka b\u00ebr\u00eb nj\u00eb deklarat\u00eb \u201cBOMB\u00cb\u201d dit\u00ebn e sotme, pasi u shpreh se nj\u00eb deputet i opozit\u00ebs rrezikon t\u00eb vritet n\u00eb protest\u00ebn e nes\u00ebrme t\u00eb thirrur nga Sali Berisha. Ai dha edhe inicialet e deputetit, E.A, q\u00eb rrezikon t\u00eb vritet n\u00eb protest\u00ebn e nes\u00ebrme.<\/p>\n<p>\u201cMos t\u00eb keni iluzion se nuk do t\u00eb ket\u00eb dhun\u00eb. Do t\u00eb ket\u00eb nga k\u00ebta q\u00eb edhe nuk p\u00ebrmbahen, nga t\u00eb dh\u00ebnat q\u00eb kam un\u00eb mund t\u00eb ket\u00eb edh vrasje. Nj\u00eb personalitet deputet, me inicialet\u2026, rrezikon t\u00eb vritet nes\u00ebr. Berisha nuk b\u00ebn dot pa gjak. E.A, t\u00eb ruhet, k\u00ebt\u00eb k\u00ebshill\u00eb i jap, t\u00eb ruhet nes\u00ebr. Jan\u00eb situata q\u00eb dalin nga kontrolli q\u00eb dalin nga jasht\u00eb nj\u00eb shenj\u00eb duhet e dalin jasht\u00eb, edhe ai nuk e ka problem se e thot\u00eb si me Azem Hajdarin q\u00eb nuk e vrava un\u00eb, por Izet Haxhia\u201d, tha ai n\u00eb Zona Zero.<\/p>\n<p>Braho nuk tregoi se ku i kishte marr\u00eb k\u00ebto informacione, por e paralajm\u00ebroi deputetin t\u00eb ruaj\u00eb krah\u00ebt.<\/p>\n<p>\u201cMos ken\u00eb iluzione, ore do t\u00eb ket\u00eb dhun\u00eb, ata q\u00eb do t\u00eb rrethojn\u00eb Sali Berish\u00ebn nuk mbahen, do t\u00eb ket\u00eb dhun\u00eb, nuk mbahen ata, i ka karikuar njer\u00ebzit, n\u00eb k\u00ebt\u00eb konteskt un\u00eb parashikoj q\u00eb do t\u00eb ket\u00eb viktima. Nga burimet e mia un\u00eb parashikoj q\u00eb nj\u00eb E.A do t\u00eb ket\u00eb nj\u00eb goditje pas shpine\u201d, theksoi Braho.<\/p>\n","protected":false},"excerpt":{"rendered":"<p>Ish-deputeti Spartak Braho ka b\u00ebr\u00eb nj\u00eb deklarat\u00eb \u201cBOMB\u00cb\u201d dit\u00ebn e sotme, pasi u shpreh se nj\u00eb deputet i opozit\u00ebs rrezikon t\u00eb vritet n\u00eb protest\u00ebn e nes\u00ebrme t\u00eb thirrur nga Sali Berisha. Ai dha edhe inicialet e deputetit, E.A, q\u00eb rrezikon t\u00eb vritet n\u00eb protest\u00ebn e nes\u00ebrme. \u201cMos t\u00eb keni iluzion se nuk do t\u00eb ket\u00eb [&hellip;]<\/p>\n","protected":false},"author":2030,"featured_media":229095,"comment_status":"closed","ping_status":"closed","sticky":false,"template":"","format":"standard","meta":{"footnotes":""},"categories":[241,3366,5380,231,1454],"tags":[],"class_list":{"0":"post-229094","1":"post","2":"type-post","3":"status-publish","4":"format-standard","5":"has-post-thumbnail","7":"category-aktualitet","8":"category-koment","9":"category-kryesore","10":"category-lajme","11":"category-politike"},"_links":{"self":[{"href":"https:\/\/zjarr.tv\/sq\/wp-json\/wp\/v2\/posts\/229094","targetHints":{"allow":["GET"]}}],"collection":[{"href":"https:\/\/zjarr.tv\/sq\/wp-json\/wp\/v2\/posts"}],"about":[{"href":"https:\/\/zjarr.tv\/sq\/wp-json\/wp\/v2\/types\/post"}],"author":[{"embeddable":true,"href":"https:\/\/zjarr.tv\/sq\/wp-json\/wp\/v2\/users\/2030"}],"replies":[{"embeddable":true,"href":"https:\/\/zjarr.tv\/sq\/wp-json\/wp\/v2\/comments?post=229094"}],"version-history":[{"count":0,"href":"https:\/\/zjarr.tv\/sq\/wp-json\/wp\/v2\/posts\/229094\/revisions"}],"wp:featuredmedia":[{"embeddable":true,"href":"https:\/\/zjarr.tv\/sq\/wp-json\/wp\/v2\/media\/229095"}],"wp:attachment":[{"href":"https:\/\/zjarr.tv\/sq\/wp-json\/wp\/v2\/media?parent=229094"}],"wp:term":[{"taxonomy":"category","embeddable":true,"href":"https:\/\/zjarr.tv\/sq\/wp-json\/wp\/v2\/categories?post=229094"},{"taxonomy":"post_tag","embeddable":true,"href":"https:\/\/zjarr.tv\/sq\/wp-json\/wp\/v2\/tags?post=229094"}],"curies":[{"name":"wp","href":"https:\/\/api.w.org\/{rel}","templated":true}]}}