{"id":229099,"date":"2022-01-07T18:58:47","date_gmt":"2022-01-07T17:58:47","guid":{"rendered":"https:\/\/zjarr.tv\/?p=229099"},"modified":"2022-01-07T18:58:47","modified_gmt":"2022-01-07T17:58:47","slug":"spartak-braho-shperthen-kunder-vangjush-dakos-e-mbeshteta-por-u-kthye-ne-nje-ordiner-i-pangopur-me-leke-ja-cfare-me-thane-rama-dhe-meta-kur-ua-prezantova","status":"publish","type":"post","link":"https:\/\/zjarr.tv\/sq\/spartak-braho-shperthen-kunder-vangjush-dakos-e-mbeshteta-por-u-kthye-ne-nje-ordiner-i-pangopur-me-leke-ja-cfare-me-thane-rama-dhe-meta-kur-ua-prezantova\/","title":{"rendered":"Spartak Braho shp\u00ebrthen kund\u00ebr Vangjush Dakos: E mb\u00ebshteta, por u kthye n\u00eb nj\u00eb ordiner i pangopur me lek\u00eb! Ja \u00e7far\u00eb m\u00eb than\u00eb Rama dhe Meta kur ua prezantova"},"content":{"rendered":"<p>Ish-deputeti socialist Spartak Braho ka shp\u00ebrthyer n\u00eb akuza ndaj ish-kryebashkiakut t\u00eb Durr\u00ebsit, Vangjush Dako.<\/p>\n<p>Ai e cil\u00ebsoi Dakon si nj\u00eb bixhozxhi, t\u00eb cilin e mb\u00ebshteti por u kthye n\u00eb nj\u00eb njeri ordiner, i pangopuur p\u00ebr lek\u00eb. Braho tregoi se kur ua prezantoi Vangjush Dakon Ram\u00ebs dhe Met\u00ebs, ata i than\u00eb \u201core a je mir\u00eb, ky nj\u00eb met\u00ebr e 40 \u00ebsht\u00eb, e mbush dot ky tavolin\u00ebn e kryetarit\u201d.<\/p>\n<p>\u201cKam qen\u00eb p\u00ebr 20 e ca vite si drejtues i PS-s\u00eb n\u00eb Durr\u00ebs. Socilaist\u00ebt e Durr\u00ebsit jan\u00eb kontigjenti q\u00eb ka vuajtur m\u00eb shum\u00eb n\u00ebn regjimin e Berish\u00ebs. Se nga mbiu ky bixhozxhi, se vet\u00ebm bixhoz dinte t\u00eb luante ai. Rasti e solli q\u00eb t\u00eb b\u00ebhej kryetar bashkie, se nuk kishim k\u00eb t\u00eb vendosnim n\u00eb at\u00eb post.<\/p>\n<p>Kur e \u00e7ova te Edi Rama dhe Ilir Meta, m\u00eb than\u00eb \u201core a je mir\u00eb, ky nj\u00eb met\u00ebr e 40 \u00ebsht\u00eb, e mbush dot ky tavolin\u00ebn e kryetarit\u201d. Un\u00eb e mb\u00ebshteta, por u kthye n\u00eb nj\u00eb njeri ordiner, i pangopur me lek\u00eb. \u201cMister betoni e ka pseudonimin. Shpallja e tij \u201cnon grata\u201d \u00ebsht\u00eb nj\u00eb nga gj\u00ebrat m\u00eb t\u00eb mira q\u00eb \u00ebsht\u00eb b\u00ebr\u00eb. Sali Berisha dhe Vangjush Dako duhet t\u00eb jen\u00eb n\u00eb burg\u201d, tha Braho n\u00eb Zona Zero.<\/p>\n<p>K\u00ebto deklarata t\u00eb Brahos vijn\u00eb pas akuzave q\u00eb djali i tij b\u00ebri p\u00ebr Vangjush Dakon, por q\u00eb i kushtuan atij vendin e pun\u00ebs, pasi vet\u00ebm pak dit\u00eb pas akuzave, ai u shkarkua nsi n\u00ebnkryetar bashkie n\u00eb Durr\u00ebs.<\/p>\n","protected":false},"excerpt":{"rendered":"<p>Ish-deputeti socialist Spartak Braho ka shp\u00ebrthyer n\u00eb akuza ndaj ish-kryebashkiakut t\u00eb Durr\u00ebsit, Vangjush Dako. Ai e cil\u00ebsoi Dakon si nj\u00eb bixhozxhi, t\u00eb cilin e mb\u00ebshteti por u kthye n\u00eb nj\u00eb njeri ordiner, i pangopuur p\u00ebr lek\u00eb. Braho tregoi se kur ua prezantoi Vangjush Dakon Ram\u00ebs dhe Met\u00ebs, ata i than\u00eb \u201core a je mir\u00eb, ky [&hellip;]<\/p>\n","protected":false},"author":2030,"featured_media":229100,"comment_status":"closed","ping_status":"closed","sticky":false,"template":"","format":"standard","meta":{"footnotes":""},"categories":[241,3366,5380,231],"tags":[],"class_list":{"0":"post-229099","1":"post","2":"type-post","3":"status-publish","4":"format-standard","5":"has-post-thumbnail","7":"category-aktualitet","8":"category-koment","9":"category-kryesore","10":"category-lajme"},"_links":{"self":[{"href":"https:\/\/zjarr.tv\/sq\/wp-json\/wp\/v2\/posts\/229099","targetHints":{"allow":["GET"]}}],"collection":[{"href":"https:\/\/zjarr.tv\/sq\/wp-json\/wp\/v2\/posts"}],"about":[{"href":"https:\/\/zjarr.tv\/sq\/wp-json\/wp\/v2\/types\/post"}],"author":[{"embeddable":true,"href":"https:\/\/zjarr.tv\/sq\/wp-json\/wp\/v2\/users\/2030"}],"replies":[{"embeddable":true,"href":"https:\/\/zjarr.tv\/sq\/wp-json\/wp\/v2\/comments?post=229099"}],"version-history":[{"count":0,"href":"https:\/\/zjarr.tv\/sq\/wp-json\/wp\/v2\/posts\/229099\/revisions"}],"wp:featuredmedia":[{"embeddable":true,"href":"https:\/\/zjarr.tv\/sq\/wp-json\/wp\/v2\/media\/229100"}],"wp:attachment":[{"href":"https:\/\/zjarr.tv\/sq\/wp-json\/wp\/v2\/media?parent=229099"}],"wp:term":[{"taxonomy":"category","embeddable":true,"href":"https:\/\/zjarr.tv\/sq\/wp-json\/wp\/v2\/categories?post=229099"},{"taxonomy":"post_tag","embeddable":true,"href":"https:\/\/zjarr.tv\/sq\/wp-json\/wp\/v2\/tags?post=229099"}],"curies":[{"name":"wp","href":"https:\/\/api.w.org\/{rel}","templated":true}]}}