{"id":229103,"date":"2022-01-07T19:06:41","date_gmt":"2022-01-07T18:06:41","guid":{"rendered":"https:\/\/zjarr.tv\/?p=229103"},"modified":"2022-01-07T19:06:41","modified_gmt":"2022-01-07T18:06:41","slug":"europarlamentaret-bashes-respekto-vullnetin-e-shumices-gjesti-juaj-do-vleresohet-nga-ppe","status":"publish","type":"post","link":"https:\/\/zjarr.tv\/sq\/europarlamentaret-bashes-respekto-vullnetin-e-shumices-gjesti-juaj-do-vleresohet-nga-ppe\/","title":{"rendered":"Europarlamentar\u00ebt, Bash\u00ebs: Respekto vullnetin e shumic\u00ebs, gjesti juaj do vler\u00ebsohet nga PPE"},"content":{"rendered":"<p>Dor\u00ebheqja e Bash\u00ebs shihet nga an\u00ebtar\u00eb t\u00eb Parlamentit Europian si nj\u00eb hap q\u00eb forcon PD dhe grupin parlamentar t\u00eb saj. N\u00eb nj\u00eb let\u00ebr drejtuar ish-kryetarit t\u00eb PD dhe deputet\u00ebve t\u00eb grupit parlamentar, t\u00eb cil\u00ebn e ka siguruar syri\u00a0 t\u00eb plot\u00eb, ata theksojn\u00eb se me nj\u00eb qeveri socialiste abuzive Shqip\u00ebria ka nevoj\u00eb p\u00ebr opozit\u00eb efektive dhe grup parlamentar t\u00eb bashkuar.<\/p>\n<p>\u201cDuke marr\u00eb p\u00ebrsip\u00ebr p\u00ebrgjegj\u00ebsin\u00eb personale dhe duke konkluduar si\u00e7 duhet p\u00ebr pasojat sigurisht q\u00eb ju do t\u00eb kontribuonit p\u00ebr forcimin e\u00a0 PD-s\u00eb n\u00eb gjith\u00eb vendin si dhe t\u00eb grupit parlamentar t\u00eb saj. Jemi t\u00eb sigurt se gjesti juaj do t\u00eb respektohet nga koleg\u00ebt tuaj demokrat\u00eb dhe nga miqt\u00eb tuaj t\u00eb Partis\u00eb Popullore Europiane.\u201d<\/p>\n<p>Teksti i plot\u00eb:<\/p>\n<p>Drejtuar: deputetit Lulzim Basha<\/p>\n<p>I dashur Lulzim Basha,<\/p>\n<p>Po ndjekim me shum\u00eb preokupim zhvillimet e fundit brenda Partis\u00eb Demokratike. Ne kemi mb\u00ebshtetur vitet e fundit q\u00ebndrimet korrekte t\u00eb PD-s\u00eb edhe n\u00eb momente shum\u00eb t\u00eb v\u00ebshtira si\u00e7 do t\u2019a mbani mend personalisht.\u00a0 Shqip\u00ebria ka nevoj\u00eb tashti, m\u00eb shum\u00eb se kurr\u00eb, p\u00ebr nj\u00eb opozit\u00eb funksionale q\u00eb siguron kontroll dhe ekuilib\u00ebr demokratik ndaj nj\u00eb qeverie socialiste gjithnj\u00eb e m\u00eb arrogante.\u00a0 P\u00ebr ta arritur k\u00ebt\u00eb, PD duhet t\u00eb gjej\u00eb unitetin e saj;\u00a0 prandaj ju e keni detyrim t\u00eb respektoni vullnetin e kongresit t\u00eb partis\u00eb dhe t\u00eb an\u00ebtar\u00ebsis\u00eb si\u00e7 u shpreh p\u00ebrkat\u00ebsisht n\u00eb 11 dhe 18 dhjetor t\u00eb vitit t\u00eb kaluar.<\/p>\n<p>Duke marr\u00eb p\u00ebrsip\u00ebr p\u00ebrgjegj\u00ebsin\u00eb personale dhe duke konkluduar si\u00e7 duhet p\u00ebr pasojat sigurisht q\u00eb ju do t\u00eb kontribuonit p\u00ebr forcimin e\u00a0 PD-s\u00eb n\u00eb gjith\u00eb vendin si dhe t\u00eb grupit parlamentar t\u00eb saj. Jemi t\u00eb sigurt se gjesti juaj do t\u00eb respektohet nga koleg\u00ebt tuaj demokrat\u00eb dhe nga miqt\u00eb tuaj t\u00eb Partis\u00eb Popullore Europiane.<\/p>\n<p><img loading=\"lazy\" decoding=\"async\" class=\"alignnone size-medium wp-image-229104\" src=\"https:\/\/zjarr.tv\/wp-content\/uploads\/2022\/01\/auto_Letra_e_plote11641574840-300x198.jpg\" alt=\"\" width=\"300\" height=\"198\" srcset=\"https:\/\/zjarr.tv\/wp-content\/uploads\/2022\/01\/auto_Letra_e_plote11641574840-300x198.jpg 300w, https:\/\/zjarr.tv\/wp-content\/uploads\/2022\/01\/auto_Letra_e_plote11641574840-768x508.jpg 768w, https:\/\/zjarr.tv\/wp-content\/uploads\/2022\/01\/auto_Letra_e_plote11641574840-696x460.jpg 696w, https:\/\/zjarr.tv\/wp-content\/uploads\/2022\/01\/auto_Letra_e_plote11641574840-635x420.jpg 635w, https:\/\/zjarr.tv\/wp-content\/uploads\/2022\/01\/auto_Letra_e_plote11641574840-741x486.jpg 741w, https:\/\/zjarr.tv\/wp-content\/uploads\/2022\/01\/auto_Letra_e_plote11641574840.jpg 900w\" sizes=\"auto, (max-width: 300px) 100vw, 300px\" \/><\/p>\n","protected":false},"excerpt":{"rendered":"<p>Dor\u00ebheqja e Bash\u00ebs shihet nga an\u00ebtar\u00eb t\u00eb Parlamentit Europian si nj\u00eb hap q\u00eb forcon PD dhe grupin parlamentar t\u00eb saj. N\u00eb nj\u00eb let\u00ebr drejtuar ish-kryetarit t\u00eb PD dhe deputet\u00ebve t\u00eb grupit parlamentar, t\u00eb cil\u00ebn e ka siguruar syri\u00a0 t\u00eb plot\u00eb, ata theksojn\u00eb se me nj\u00eb qeveri socialiste abuzive Shqip\u00ebria ka nevoj\u00eb p\u00ebr opozit\u00eb efektive dhe [&hellip;]<\/p>\n","protected":false},"author":2030,"featured_media":229105,"comment_status":"closed","ping_status":"closed","sticky":false,"template":"","format":"standard","meta":{"footnotes":""},"categories":[241,1454],"tags":[],"class_list":{"0":"post-229103","1":"post","2":"type-post","3":"status-publish","4":"format-standard","5":"has-post-thumbnail","7":"category-aktualitet","8":"category-politike"},"_links":{"self":[{"href":"https:\/\/zjarr.tv\/sq\/wp-json\/wp\/v2\/posts\/229103","targetHints":{"allow":["GET"]}}],"collection":[{"href":"https:\/\/zjarr.tv\/sq\/wp-json\/wp\/v2\/posts"}],"about":[{"href":"https:\/\/zjarr.tv\/sq\/wp-json\/wp\/v2\/types\/post"}],"author":[{"embeddable":true,"href":"https:\/\/zjarr.tv\/sq\/wp-json\/wp\/v2\/users\/2030"}],"replies":[{"embeddable":true,"href":"https:\/\/zjarr.tv\/sq\/wp-json\/wp\/v2\/comments?post=229103"}],"version-history":[{"count":0,"href":"https:\/\/zjarr.tv\/sq\/wp-json\/wp\/v2\/posts\/229103\/revisions"}],"wp:featuredmedia":[{"embeddable":true,"href":"https:\/\/zjarr.tv\/sq\/wp-json\/wp\/v2\/media\/229105"}],"wp:attachment":[{"href":"https:\/\/zjarr.tv\/sq\/wp-json\/wp\/v2\/media?parent=229103"}],"wp:term":[{"taxonomy":"category","embeddable":true,"href":"https:\/\/zjarr.tv\/sq\/wp-json\/wp\/v2\/categories?post=229103"},{"taxonomy":"post_tag","embeddable":true,"href":"https:\/\/zjarr.tv\/sq\/wp-json\/wp\/v2\/tags?post=229103"}],"curies":[{"name":"wp","href":"https:\/\/api.w.org\/{rel}","templated":true}]}}