{"id":229108,"date":"2022-01-07T19:08:46","date_gmt":"2022-01-07T18:08:46","guid":{"rendered":"https:\/\/zjarr.tv\/?p=229108"},"modified":"2022-01-07T19:08:46","modified_gmt":"2022-01-07T18:08:46","slug":"hyni-pa-trokitur-deputeti-mesazh-demokrateve-selia-eshte-shtepia-juaj-lideri-nuk-fshihet-e-izolohet","status":"publish","type":"post","link":"https:\/\/zjarr.tv\/sq\/hyni-pa-trokitur-deputeti-mesazh-demokrateve-selia-eshte-shtepia-juaj-lideri-nuk-fshihet-e-izolohet\/","title":{"rendered":"\u201cHyni pa trokitur\u201d, deputeti mesazh demokrat\u00ebve: Selia \u00ebsht\u00eb sht\u00ebpia juaj, lideri nuk fshihet e izolohet"},"content":{"rendered":"<p>Deputeti i Partis\u00eb Demokratike Belind K\u00eblli\u00e7i ka sulmuar kreun e PD-s\u00eb Lulzim Basha duke th\u00ebn\u00eb se po fshihet dhe izolohet nga demokrat\u00ebt, duke fortifikuar selin\u00eb me dyer t\u00eb blinduara. N\u00eb nj\u00eb postim n\u00eb Facebook, ai u b\u00ebn thirrje demokrat\u00ebve q\u00eb t\u00eb futen nes\u00ebr n\u00eb selin\u00eb blu pa trokitur, pasi ajo \u00ebsht\u00eb sht\u00ebpia e t\u00eb gjith\u00ebve.<\/p>\n<p>\u201cNj\u00eb lider nuk fshihet, nuk izolohet. Izolimi nuk ka t\u00eb ardhme.Sht\u00ebpia e Liris\u00eb do t\u2019i ket\u00eb gjithnj\u00eb dyert hapur p\u00ebr demokrat\u00ebt. Selia \u00ebsht\u00eb sht\u00ebpia juaj. Hyni pa trokitur\u201d, shkruan K\u00eblli\u00e7i.<\/p>\n<p>Kujtojm\u00eb se dit\u00ebn e nes\u00ebrme, n\u00eb dat\u00ebn 8 Janar mb\u00ebshtest\u00ebsit e Sali Berish\u00ebs do t\u00eb protestojn\u00eb para selis\u00eb s\u00eb PD, duke u p\u00ebrpjekur q\u00eb t\u00eb futen brenda, nd\u00ebrsa ata kan\u00eb 4 dit\u00eb q\u00eb hasen me dyert e blinduara atje.<\/p>\n","protected":false},"excerpt":{"rendered":"<p>Deputeti i Partis\u00eb Demokratike Belind K\u00eblli\u00e7i ka sulmuar kreun e PD-s\u00eb Lulzim Basha duke th\u00ebn\u00eb se po fshihet dhe izolohet nga demokrat\u00ebt, duke fortifikuar selin\u00eb me dyer t\u00eb blinduara. N\u00eb nj\u00eb postim n\u00eb Facebook, ai u b\u00ebn thirrje demokrat\u00ebve q\u00eb t\u00eb futen nes\u00ebr n\u00eb selin\u00eb blu pa trokitur, pasi ajo \u00ebsht\u00eb sht\u00ebpia e t\u00eb gjith\u00ebve. [&hellip;]<\/p>\n","protected":false},"author":2030,"featured_media":229109,"comment_status":"closed","ping_status":"closed","sticky":false,"template":"","format":"standard","meta":{"footnotes":""},"categories":[241,3366,5380,231,1454],"tags":[],"class_list":{"0":"post-229108","1":"post","2":"type-post","3":"status-publish","4":"format-standard","5":"has-post-thumbnail","7":"category-aktualitet","8":"category-koment","9":"category-kryesore","10":"category-lajme","11":"category-politike"},"_links":{"self":[{"href":"https:\/\/zjarr.tv\/sq\/wp-json\/wp\/v2\/posts\/229108","targetHints":{"allow":["GET"]}}],"collection":[{"href":"https:\/\/zjarr.tv\/sq\/wp-json\/wp\/v2\/posts"}],"about":[{"href":"https:\/\/zjarr.tv\/sq\/wp-json\/wp\/v2\/types\/post"}],"author":[{"embeddable":true,"href":"https:\/\/zjarr.tv\/sq\/wp-json\/wp\/v2\/users\/2030"}],"replies":[{"embeddable":true,"href":"https:\/\/zjarr.tv\/sq\/wp-json\/wp\/v2\/comments?post=229108"}],"version-history":[{"count":0,"href":"https:\/\/zjarr.tv\/sq\/wp-json\/wp\/v2\/posts\/229108\/revisions"}],"wp:featuredmedia":[{"embeddable":true,"href":"https:\/\/zjarr.tv\/sq\/wp-json\/wp\/v2\/media\/229109"}],"wp:attachment":[{"href":"https:\/\/zjarr.tv\/sq\/wp-json\/wp\/v2\/media?parent=229108"}],"wp:term":[{"taxonomy":"category","embeddable":true,"href":"https:\/\/zjarr.tv\/sq\/wp-json\/wp\/v2\/categories?post=229108"},{"taxonomy":"post_tag","embeddable":true,"href":"https:\/\/zjarr.tv\/sq\/wp-json\/wp\/v2\/tags?post=229108"}],"curies":[{"name":"wp","href":"https:\/\/api.w.org\/{rel}","templated":true}]}}