{"id":229116,"date":"2022-01-07T19:12:57","date_gmt":"2022-01-07T18:12:57","guid":{"rendered":"https:\/\/zjarr.tv\/?p=229116"},"modified":"2022-01-07T19:12:57","modified_gmt":"2022-01-07T18:12:57","slug":"nje-dite-para-protestes-ne-seline-blu-ashpersohen-tonet-mes-paleve-floriana-garo-sulmon-gazment-bardhin","status":"publish","type":"post","link":"https:\/\/zjarr.tv\/sq\/nje-dite-para-protestes-ne-seline-blu-ashpersohen-tonet-mes-paleve-floriana-garo-sulmon-gazment-bardhin\/","title":{"rendered":"Nj\u00eb dit\u00eb para protest\u00ebs n\u00eb Selin\u00eb blu, ashp\u00ebrsohen tonet mes pal\u00ebve, Floriana Garo sulmon Gazment Bardhin"},"content":{"rendered":"<p>Pak or\u00eb para protest\u00ebs s\u00eb thirrur nga ish-kryeministri Sali Berisha p\u00ebr largimin e Lulzim Bash\u00ebs nga selia blu, duket se jan\u00eb ashp\u00ebrsuar tonet mes mb\u00ebshtet\u00ebsve t\u00eb dy kaheve.<\/p>\n<p>N\u00eb nj\u00eb postim n\u00eb Facebook, z\u00ebdh\u00ebn\u00ebsja e Komisionit t\u00eb Rithemelimit ka sulmuar Sekretarin e P\u00ebrgjithsh\u00ebm t\u00eb PD-s\u00eb, Gazment Bardhin, duke e quajtuar nj\u00eb \u201cgaztor t\u00eb shoqat\u00ebs \u2018Humbim p\u00ebr t\u00eb fituar&#8217;\u201d.<\/p>\n<p>Sipas Floriana Garos, Gazment Bardhi sot ka p\u00ebrg\u00ebnjeshtruar deklarat\u00ebn e b\u00ebr\u00eb nj\u00eb dit\u00eb m\u00eb par\u00eb nga Basha i cili mohoi \u2018bunkerizimin\u2019 e PD-s\u00eb por Bardhi sot e pranoi. S\u00eb fundmi, Floriana Garo tha se Lulzim Basha dhe bunkerizimi q\u00eb i ka b\u00ebr\u00eb PD-s\u00eb merr fund dit\u00ebn e nes\u00ebrme.<\/p>\n<p>Postimi i Floriana Garos<\/p>\n<p>Nje dite nga protesta per c\u2019bunkerizimin e PD, gaztori i shoqates \u201cHumbim per te Fituar\u201d Bardhi u detyrua te pergenjeshtronte publikisht Lulzim Braven duke pranuar se selia e PD eshte bunkerizuar per te ruajtur karrigen e thyer te deputetit Brava dhe pazaret e tij te pista me koncesionet e Edi Rames!<\/p>\n<p>Sic eshte bere e qarte per te gjithe tashme jo vetem ne Shqiperi, por edhe jashte saj, deputetit Peng-Basha i ka mbetur ne dore vetem brava, vula dhe dera per te vazhduar pazar-humbjet e tij me Edi Ramen!<\/p>\n<p>Neser kjo merr fund! Shtepia e lirise nuk do jete kurre bunker i pengut te qeverise! Ajo u perket te gjithe demokrateve pavaresisht bindjeve apo qendrimeve te tyre. Deputeti Brava mund te bunkerizoje shtepine e tij, madje dhe te strehoje aty mercenare te armatosur me apo pa maska por kurresesi shtepine e demokrateve te lire! Ora e lirise po afron! Neser fillon rrugetimi yne i perbashket drejt FITORES!<\/p>\n","protected":false},"excerpt":{"rendered":"<p>Pak or\u00eb para protest\u00ebs s\u00eb thirrur nga ish-kryeministri Sali Berisha p\u00ebr largimin e Lulzim Bash\u00ebs nga selia blu, duket se jan\u00eb ashp\u00ebrsuar tonet mes mb\u00ebshtet\u00ebsve t\u00eb dy kaheve. N\u00eb nj\u00eb postim n\u00eb Facebook, z\u00ebdh\u00ebn\u00ebsja e Komisionit t\u00eb Rithemelimit ka sulmuar Sekretarin e P\u00ebrgjithsh\u00ebm t\u00eb PD-s\u00eb, Gazment Bardhin, duke e quajtuar nj\u00eb \u201cgaztor t\u00eb shoqat\u00ebs \u2018Humbim [&hellip;]<\/p>\n","protected":false},"author":2030,"featured_media":229117,"comment_status":"closed","ping_status":"closed","sticky":false,"template":"","format":"standard","meta":{"footnotes":""},"categories":[241,3366,5380,231,1454],"tags":[],"class_list":{"0":"post-229116","1":"post","2":"type-post","3":"status-publish","4":"format-standard","5":"has-post-thumbnail","7":"category-aktualitet","8":"category-koment","9":"category-kryesore","10":"category-lajme","11":"category-politike"},"_links":{"self":[{"href":"https:\/\/zjarr.tv\/sq\/wp-json\/wp\/v2\/posts\/229116","targetHints":{"allow":["GET"]}}],"collection":[{"href":"https:\/\/zjarr.tv\/sq\/wp-json\/wp\/v2\/posts"}],"about":[{"href":"https:\/\/zjarr.tv\/sq\/wp-json\/wp\/v2\/types\/post"}],"author":[{"embeddable":true,"href":"https:\/\/zjarr.tv\/sq\/wp-json\/wp\/v2\/users\/2030"}],"replies":[{"embeddable":true,"href":"https:\/\/zjarr.tv\/sq\/wp-json\/wp\/v2\/comments?post=229116"}],"version-history":[{"count":0,"href":"https:\/\/zjarr.tv\/sq\/wp-json\/wp\/v2\/posts\/229116\/revisions"}],"wp:featuredmedia":[{"embeddable":true,"href":"https:\/\/zjarr.tv\/sq\/wp-json\/wp\/v2\/media\/229117"}],"wp:attachment":[{"href":"https:\/\/zjarr.tv\/sq\/wp-json\/wp\/v2\/media?parent=229116"}],"wp:term":[{"taxonomy":"category","embeddable":true,"href":"https:\/\/zjarr.tv\/sq\/wp-json\/wp\/v2\/categories?post=229116"},{"taxonomy":"post_tag","embeddable":true,"href":"https:\/\/zjarr.tv\/sq\/wp-json\/wp\/v2\/tags?post=229116"}],"curies":[{"name":"wp","href":"https:\/\/api.w.org\/{rel}","templated":true}]}}