{"id":229121,"date":"2022-01-07T20:19:43","date_gmt":"2022-01-07T19:19:43","guid":{"rendered":"https:\/\/zjarr.tv\/?p=229121"},"modified":"2022-01-07T20:19:43","modified_gmt":"2022-01-07T19:19:43","slug":"presidenti-meta-dekoron-me-titullin-mjeshter-i-madh-aktorin-dhe-regjisorin-e-shquar-vasjan-lami","status":"publish","type":"post","link":"https:\/\/zjarr.tv\/sq\/presidenti-meta-dekoron-me-titullin-mjeshter-i-madh-aktorin-dhe-regjisorin-e-shquar-vasjan-lami\/","title":{"rendered":"Presidenti Meta dekoron me Titullin \u201cMjesht\u00ebr i Madh\u201d aktorin dhe regjisorin e shquar Vasjan Lami"},"content":{"rendered":"<p>Presidenti i vendit, Ilir Meta vler\u00ebsoi sonte me an\u00eb t\u00eb nj\u00eb ceremonie t\u00eb ve\u00e7ant\u00eb aktorin dhe regjisorin e shquar shqiptar, Vasjan Lami me Titullin e lart\u00eb \u201cMjesht\u00ebr i Madh\u201d.Kreu i Shtetit vler\u00ebsoi regjisorin Lami p\u00ebr kontributet e shquara n\u00eb fush\u00ebn e artit skenik, t\u00eb shpalosura p\u00ebr dekada me radh\u00eb n\u00eb sken\u00ebn e Teatrit Komb\u00ebtar.  <\/p>\n<p>\u201cN\u00eb vler\u00ebsim t\u00eb kontributeve t\u00eb shquara n\u00eb fush\u00ebn e artit skenik, t\u00eb shpalosura p\u00ebr dekada me radh\u00eb n\u00eb sken\u00ebn e Teatrit Komb\u00ebtar, n\u00ebp\u00ebrmjet roleve t\u00eb ve\u00e7anta e t\u00eb suksesshme, q\u00eb kan\u00eb mbetur t\u00eb gdhendur n\u00eb kujtes\u00ebn e artdash\u00ebsve shqiptar\u00eb. Me mir\u00ebnjohje t\u00eb thell\u00eb p\u00ebr interpretimet e paharruara artistike, jo vet\u00ebm n\u00eb Shqip\u00ebri, por edhe n\u00eb trevat shqipfol\u00ebse, si aktor dhe si regjisor i spikatur.\u201d, u shpreh Meta.<\/p>\n","protected":false},"excerpt":{"rendered":"<p>Presidenti i vendit, Ilir Meta vler\u00ebsoi sonte me an\u00eb t\u00eb nj\u00eb ceremonie t\u00eb ve\u00e7ant\u00eb aktorin dhe regjisorin e shquar shqiptar, Vasjan Lami me Titullin e lart\u00eb \u201cMjesht\u00ebr i Madh\u201d.Kreu i Shtetit vler\u00ebsoi regjisorin Lami p\u00ebr kontributet e shquara n\u00eb fush\u00ebn e artit skenik, t\u00eb shpalosura p\u00ebr dekada me radh\u00eb n\u00eb sken\u00ebn e Teatrit Komb\u00ebtar. \u201cN\u00eb [&hellip;]<\/p>\n","protected":false},"author":2031,"featured_media":229122,"comment_status":"closed","ping_status":"closed","sticky":false,"template":"","format":"standard","meta":{"footnotes":""},"categories":[241,231,235],"tags":[],"class_list":{"0":"post-229121","1":"post","2":"type-post","3":"status-publish","4":"format-standard","5":"has-post-thumbnail","7":"category-aktualitet","8":"category-lajme","9":"category-vendi"},"_links":{"self":[{"href":"https:\/\/zjarr.tv\/sq\/wp-json\/wp\/v2\/posts\/229121","targetHints":{"allow":["GET"]}}],"collection":[{"href":"https:\/\/zjarr.tv\/sq\/wp-json\/wp\/v2\/posts"}],"about":[{"href":"https:\/\/zjarr.tv\/sq\/wp-json\/wp\/v2\/types\/post"}],"author":[{"embeddable":true,"href":"https:\/\/zjarr.tv\/sq\/wp-json\/wp\/v2\/users\/2031"}],"replies":[{"embeddable":true,"href":"https:\/\/zjarr.tv\/sq\/wp-json\/wp\/v2\/comments?post=229121"}],"version-history":[{"count":0,"href":"https:\/\/zjarr.tv\/sq\/wp-json\/wp\/v2\/posts\/229121\/revisions"}],"wp:featuredmedia":[{"embeddable":true,"href":"https:\/\/zjarr.tv\/sq\/wp-json\/wp\/v2\/media\/229122"}],"wp:attachment":[{"href":"https:\/\/zjarr.tv\/sq\/wp-json\/wp\/v2\/media?parent=229121"}],"wp:term":[{"taxonomy":"category","embeddable":true,"href":"https:\/\/zjarr.tv\/sq\/wp-json\/wp\/v2\/categories?post=229121"},{"taxonomy":"post_tag","embeddable":true,"href":"https:\/\/zjarr.tv\/sq\/wp-json\/wp\/v2\/tags?post=229121"}],"curies":[{"name":"wp","href":"https:\/\/api.w.org\/{rel}","templated":true}]}}