{"id":229148,"date":"2022-01-07T21:19:29","date_gmt":"2022-01-07T20:19:29","guid":{"rendered":"https:\/\/zjarr.tv\/?p=229148"},"modified":"2022-01-07T21:19:29","modified_gmt":"2022-01-07T20:19:29","slug":"nard-ndoka-basha-e-ka-dredhine-ne-stilin-e-tij-eshte-peng-i-marreveshjes-se-fshehte-qe-ka-bere-me-ramen","status":"publish","type":"post","link":"https:\/\/zjarr.tv\/sq\/nard-ndoka-basha-e-ka-dredhine-ne-stilin-e-tij-eshte-peng-i-marreveshjes-se-fshehte-qe-ka-bere-me-ramen\/","title":{"rendered":"Nard Ndoka: Basha e ka dredhin\u00eb n\u00eb stilin e tij, \u00ebsht\u00eb peng i marr\u00ebveshjes s\u00eb fsheht\u00eb q\u00eb ka b\u00ebr\u00eb me Ram\u00ebn"},"content":{"rendered":"<p>Kreu i PDK-s\u00eb Nard Ndoka, \u00ebsht\u00eb shprehur se dredhia \u00ebsht\u00eb n\u00eb stil t\u00eb Lulzim Bash\u00ebs.<\/p>\n<p>N\u00eb nj\u00eb intervist\u00eb p\u00ebr Ora News, Ndoka shprehet se Basha \u00ebsht\u00eb nj\u00eb politikan tin\u00ebzar nd\u00ebrsa ka shtuar ai \u00ebsht\u00eb peng i marr\u00ebveshjes q\u00eb ka b\u00ebr\u00eb n\u00eb vitin 2017 me Kryeministrin Edi Rama.<\/p>\n<p>Nard Ndoka: Ne gjithmon\u00eb e kemi v\u00ebrejtur se Basha e ka  dredhin\u00eb n\u00eb stilin e tij. Ai \u00ebsht\u00eb nj\u00eb politikan tin\u00ebzar. <\/p>\n<p>Edhe un\u00eb kam n\u00ebnshkruar nj\u00eb marr\u00ebveshje  me Bash\u00ebn t\u00eb 5 partive t\u00eb tjera politike. Nuk kishim besim se do n\u00ebnshkruanim nj\u00eb marr\u00ebveshje ball\u00eb p\u00ebr ball\u00eb  me Lulzim Bash\u00ebn.<\/p>\n<p> ne nuk kemi pasur asnj\u00eb lloj besimi te Lulzim Basha si lider. Ne s\u2019kemi pasur besim t\u00eb Basha, na ka mashtruar disa her\u00eb. Gjykoj se Basha \u00ebsht\u00eb peng i marr\u00ebveshjes s\u00eb fsheht\u00eb q\u00eb ka b\u00ebr\u00eb me Ram\u00ebn e cila asnj\u00ebher\u00eb nuk u b\u00eb transparente. Pra q\u00eb me 18 maj t\u00eb vitit 2017, Basha filloi dredhin\u00eb, politike, morale, \u00e7\u00ebshtje t\u00eb karakterit. <\/p>\n<p>\u00cbsht\u00eb deformuar si lider. E ka kap peng Edi Rama, me form\u00ebn dhe m\u00ebnyr\u00ebn e tij. Kjo i kushtoi shum\u00eb PD dhe ishte shkat\u00ebrrimtare p\u00ebr PD.<\/p>\n<p>Teksa ka komentuar protest\u00ebn q\u00eb do t\u00eb zhvillohet dit\u00ebn e nes\u00ebrme (8 janar) para selis\u00eb s\u00eb PD, Ndoka tha se priste q\u00eb n\u00eb konferenc\u00ebn q\u00eb b\u00ebri Basha pak or\u00eb m\u00eb par\u00eb t\u00eb jepte dor\u00ebheqjen si kryetar i PD.<\/p>\n<p>Nard Ndoka: Para se t\u00eb shkonim te dita e nes\u00ebrme prisja q\u00eb Basha t\u00eb jepte nj\u00eb zgjidhje politike. Kur thirri nj\u00eb konferenc\u00eb, prita q\u00eb do t\u00eb jepte dor\u00ebheqjen si kryetar i PD. Nj\u00eb lider i p\u00ebrgjegjsh\u00ebm n\u00eb k\u00ebto kriza, nuk duhet t\u00eb shkoj\u00eb n\u00eb seli. Basha rrezikon veten e tij n\u00ebse shkon n\u00eb seli. Nj\u00eb turm\u00eb pavar\u00ebsisht se thirret p\u00ebr nj\u00eb protest\u00eb paq\u00ebsore \u00ebsht\u00eb e indinjuar, e ofenduar nga Basha.<\/p>\n<p>Shumica e PD ka vendosur q\u00eb selia e PD t\u2019i kthehet an\u00ebtar\u00ebve. Basha \u00ebsht\u00eb i shkarkuar me referendumin e PD.<\/p>\n","protected":false},"excerpt":{"rendered":"<p>Kreu i PDK-s\u00eb Nard Ndoka, \u00ebsht\u00eb shprehur se dredhia \u00ebsht\u00eb n\u00eb stil t\u00eb Lulzim Bash\u00ebs. N\u00eb nj\u00eb intervist\u00eb p\u00ebr Ora News, Ndoka shprehet se Basha \u00ebsht\u00eb nj\u00eb politikan tin\u00ebzar nd\u00ebrsa ka shtuar ai \u00ebsht\u00eb peng i marr\u00ebveshjes q\u00eb ka b\u00ebr\u00eb n\u00eb vitin 2017 me Kryeministrin Edi Rama. Nard Ndoka: Ne gjithmon\u00eb e kemi v\u00ebrejtur se [&hellip;]<\/p>\n","protected":false},"author":2031,"featured_media":191111,"comment_status":"closed","ping_status":"closed","sticky":false,"template":"","format":"standard","meta":{"footnotes":""},"categories":[231],"tags":[],"class_list":{"0":"post-229148","1":"post","2":"type-post","3":"status-publish","4":"format-standard","5":"has-post-thumbnail","7":"category-lajme"},"_links":{"self":[{"href":"https:\/\/zjarr.tv\/sq\/wp-json\/wp\/v2\/posts\/229148","targetHints":{"allow":["GET"]}}],"collection":[{"href":"https:\/\/zjarr.tv\/sq\/wp-json\/wp\/v2\/posts"}],"about":[{"href":"https:\/\/zjarr.tv\/sq\/wp-json\/wp\/v2\/types\/post"}],"author":[{"embeddable":true,"href":"https:\/\/zjarr.tv\/sq\/wp-json\/wp\/v2\/users\/2031"}],"replies":[{"embeddable":true,"href":"https:\/\/zjarr.tv\/sq\/wp-json\/wp\/v2\/comments?post=229148"}],"version-history":[{"count":0,"href":"https:\/\/zjarr.tv\/sq\/wp-json\/wp\/v2\/posts\/229148\/revisions"}],"wp:featuredmedia":[{"embeddable":true,"href":"https:\/\/zjarr.tv\/sq\/wp-json\/wp\/v2\/media\/191111"}],"wp:attachment":[{"href":"https:\/\/zjarr.tv\/sq\/wp-json\/wp\/v2\/media?parent=229148"}],"wp:term":[{"taxonomy":"category","embeddable":true,"href":"https:\/\/zjarr.tv\/sq\/wp-json\/wp\/v2\/categories?post=229148"},{"taxonomy":"post_tag","embeddable":true,"href":"https:\/\/zjarr.tv\/sq\/wp-json\/wp\/v2\/tags?post=229148"}],"curies":[{"name":"wp","href":"https:\/\/api.w.org\/{rel}","templated":true}]}}