{"id":229156,"date":"2022-01-07T23:13:23","date_gmt":"2022-01-07T22:13:23","guid":{"rendered":"https:\/\/zjarr.tv\/?p=229156"},"modified":"2022-01-07T23:13:23","modified_gmt":"2022-01-07T22:13:23","slug":"do-te-shkulim-deren-klevis-balliu-paralajmeron-neser-nuk-na-ndal-as-basha-dhe-as-gaz-bardhi","status":"publish","type":"post","link":"https:\/\/zjarr.tv\/sq\/do-te-shkulim-deren-klevis-balliu-paralajmeron-neser-nuk-na-ndal-as-basha-dhe-as-gaz-bardhi\/","title":{"rendered":"\u201cDo t\u00eb shkulim der\u00ebn, Klevis Balliu paralajm\u00ebron: Nes\u00ebr nuk na ndal as Basha dhe as Gaz Bardhi!"},"content":{"rendered":"<p>Klevis Balliu ka folur p\u00ebr protest\u00ebn, e cila do t\u00eb mbahet nes\u00ebr para selis\u00eb s\u00eb PD-s\u00eb. Ai u shpreh i bindur n\u00eb \u201cPolitico\u201d se demokrat\u00ebt rreshtuar krah Berish\u00ebs do t\u00eb hyjn\u00eb n\u00eb godin\u00ebn e Partis\u00eb Demokratike, duke shkulur der\u00ebn e blinduar.<\/p>\n<p>Ai tha se p\u00ebr k\u00ebt\u00eb nuk do t\u00eb mund t\u2019i ndaloj\u00eb dot as Lulzim Basha dhe as Gazment Bardhi.<\/p>\n<p>\u201cDera do t\u00eb shkulet! Mos e vrisni mendjen se si do t\u00eb shkulet. Nuk na ndalon dot Gaz Bardhi me Lulin. Ai \u00ebsht\u00eb peng se nuk po pranon zgjidhjen m\u00eb logjike q\u00eb do t\u00eb thot\u00eb vot\u00ebbesohu\u201d, u shpreh Balliu.<\/p>\n<p>Kujtojm\u00eb se dit\u00ebn e nes\u00ebrme, n\u00eb dat\u00ebn 8 Janar mb\u00ebshtest\u00ebsit e Sali Berish\u00ebs do t\u00eb protestojn\u00eb para selis\u00eb s\u00eb PD, duke u p\u00ebrpjekur q\u00eb t\u00eb futen brenda, nd\u00ebrsa kan\u00eb 4 dit\u00eb q\u00eb hasen me dyert e blinduara atje.<\/p>\n","protected":false},"excerpt":{"rendered":"<p>Klevis Balliu ka folur p\u00ebr protest\u00ebn, e cila do t\u00eb mbahet nes\u00ebr para selis\u00eb s\u00eb PD-s\u00eb. Ai u shpreh i bindur n\u00eb \u201cPolitico\u201d se demokrat\u00ebt rreshtuar krah Berish\u00ebs do t\u00eb hyjn\u00eb n\u00eb godin\u00ebn e Partis\u00eb Demokratike, duke shkulur der\u00ebn e blinduar. Ai tha se p\u00ebr k\u00ebt\u00eb nuk do t\u00eb mund t\u2019i ndaloj\u00eb dot as Lulzim [&hellip;]<\/p>\n","protected":false},"author":2031,"featured_media":205624,"comment_status":"closed","ping_status":"closed","sticky":false,"template":"","format":"standard","meta":{"footnotes":""},"categories":[231],"tags":[],"class_list":{"0":"post-229156","1":"post","2":"type-post","3":"status-publish","4":"format-standard","5":"has-post-thumbnail","7":"category-lajme"},"_links":{"self":[{"href":"https:\/\/zjarr.tv\/sq\/wp-json\/wp\/v2\/posts\/229156","targetHints":{"allow":["GET"]}}],"collection":[{"href":"https:\/\/zjarr.tv\/sq\/wp-json\/wp\/v2\/posts"}],"about":[{"href":"https:\/\/zjarr.tv\/sq\/wp-json\/wp\/v2\/types\/post"}],"author":[{"embeddable":true,"href":"https:\/\/zjarr.tv\/sq\/wp-json\/wp\/v2\/users\/2031"}],"replies":[{"embeddable":true,"href":"https:\/\/zjarr.tv\/sq\/wp-json\/wp\/v2\/comments?post=229156"}],"version-history":[{"count":0,"href":"https:\/\/zjarr.tv\/sq\/wp-json\/wp\/v2\/posts\/229156\/revisions"}],"wp:featuredmedia":[{"embeddable":true,"href":"https:\/\/zjarr.tv\/sq\/wp-json\/wp\/v2\/media\/205624"}],"wp:attachment":[{"href":"https:\/\/zjarr.tv\/sq\/wp-json\/wp\/v2\/media?parent=229156"}],"wp:term":[{"taxonomy":"category","embeddable":true,"href":"https:\/\/zjarr.tv\/sq\/wp-json\/wp\/v2\/categories?post=229156"},{"taxonomy":"post_tag","embeddable":true,"href":"https:\/\/zjarr.tv\/sq\/wp-json\/wp\/v2\/tags?post=229156"}],"curies":[{"name":"wp","href":"https:\/\/api.w.org\/{rel}","templated":true}]}}